{"id":143681,"date":"2022-03-22T13:57:00","date_gmt":"2022-03-22T17:57:00","guid":{"rendered":"https:\/\/linitiative.ca\/International\/lubci-renouvelle-sa-participation-au-salon-de-lentreprenariat-ryeda\/"},"modified":"2022-03-22T13:57:00","modified_gmt":"2022-03-22T17:57:00","slug":"lubci-renouvelle-sa-participation-au-salon-de-lentreprenariat-ryeda","status":"publish","type":"post","link":"https:\/\/linitiative.ca\/International\/lubci-renouvelle-sa-participation-au-salon-de-lentreprenariat-ryeda\/","title":{"rendered":"L\u2019UBCI renouvelle sa participation au salon de l\u2019entreprenariat Ryeda"},"content":{"rendered":"<div><img decoding=\"async\" src=\"https:\/\/linitiative.ca\/International\/wp-content\/uploads\/sites\/23\/2022\/03\/1647968677_article.jpg\" alt=\"L\u2019UBCI renouvelle sa participation au salon de l\u2019entreprenariat Ryeda\" align=\"left\">L\u2019UBCI a marqu\u00e9 sa pr\u00e9sence au Salon de l\u2019entrepreneuriat Riyeda qui s\u2019est tenu \u00e0 la Cit\u00e9 de la Culture de Tunis les 15 et 16 mars 2022, par son offre de produits et services bancaires d\u00e9di\u00e9s aux entreprises agissant dans le cadre d\u2019une activit\u00e9 innovante avec un potentiel de d\u00e9veloppement av\u00e9r\u00e9 et ayant obtenues le Label Startup.<br \/>\nLe stand a \u00e9t\u00e9 anim\u00e9 par les commerciaux et experts UBCI qui ont pr\u00e9sent\u00e9 l\u2019offre Startup aux visiteurs.<br \/>\nCette offre se compose d\u2019un compte en devises, d\u2019une carte Visa Platinum international et d\u2019une carte technologique pour permettre \u00e0 ces entreprises d\u2019\u00eatre plus agiles sur les achats en ligne.<br \/>\nCette offre a \u00e9t\u00e9 con\u00e7ue &#8230;<\/p>\n<\/div>\n<p>Auteur:<br \/>\n<a href=\"https:\/\/www.leaders.com.tn\/article\/33119-l-ubci-renouvelle-sa-participation-au-salon-de-l-entreprenariat-ryeda\">Cliquez ici pour lire l&rsquo;article depuis sa source.<\/a><\/p>\n","protected":false},"excerpt":{"rendered":"<p>L\u2019UBCI a marqu\u00e9 sa pr\u00e9sence au Salon de l\u2019entrepreneuriat Riyeda qui s\u2019est tenu \u00e0 la Cit\u00e9 de la Culture de Tunis les 15 et 16 mars 2022, par son offre de produits et services bancaires d\u00e9di\u00e9s aux entreprises agissant dans le cadre d\u2019une activit\u00e9 innovante avec un potentiel de d\u00e9veloppement av\u00e9r\u00e9 et ayant obtenues le [&hellip;]<\/p>\n","protected":false},"author":1772,"featured_media":0,"comment_status":"closed","ping_status":"closed","sticky":false,"template":"","format":"standard","meta":{"fifu_image_url":"http:\/\/www.leaders.com.tn\/uploads\/content\/thumbnails_small\/1647968677_article.jpg","fifu_image_alt":"L\u2019UBCI renouvelle sa participation au salon de l\u2019entreprenariat Ryeda","footnotes":""},"categories":[73,55],"tags":[],"class_list":["post-143681","post","type-post","status-publish","format-standard","hentry","category-actualite","category-tunisie"],"_links":{"self":[{"href":"https:\/\/linitiative.ca\/International\/wp-json\/wp\/v2\/posts\/143681","targetHints":{"allow":["GET"]}}],"collection":[{"href":"https:\/\/linitiative.ca\/International\/wp-json\/wp\/v2\/posts"}],"about":[{"href":"https:\/\/linitiative.ca\/International\/wp-json\/wp\/v2\/types\/post"}],"author":[{"embeddable":true,"href":"https:\/\/linitiative.ca\/International\/wp-json\/wp\/v2\/users\/1772"}],"replies":[{"embeddable":true,"href":"https:\/\/linitiative.ca\/International\/wp-json\/wp\/v2\/comments?post=143681"}],"version-history":[{"count":0,"href":"https:\/\/linitiative.ca\/International\/wp-json\/wp\/v2\/posts\/143681\/revisions"}],"wp:attachment":[{"href":"https:\/\/linitiative.ca\/International\/wp-json\/wp\/v2\/media?parent=143681"}],"wp:term":[{"taxonomy":"category","embeddable":true,"href":"https:\/\/linitiative.ca\/International\/wp-json\/wp\/v2\/categories?post=143681"},{"taxonomy":"post_tag","embeddable":true,"href":"https:\/\/linitiative.ca\/International\/wp-json\/wp\/v2\/tags?post=143681"}],"curies":[{"name":"wp","href":"https:\/\/api.w.org\/{rel}","templated":true}]}}