{"id":143683,"date":"2022-03-22T14:10:00","date_gmt":"2022-03-22T18:10:00","guid":{"rendered":"https:\/\/linitiative.ca\/International\/changement-climatique-et-guerre-en-ukraine-le-desordre-mondial-ne-favorise-pas-lacceleration-de-la-decarbonations-des-economies\/"},"modified":"2022-03-22T14:10:00","modified_gmt":"2022-03-22T18:10:00","slug":"changement-climatique-et-guerre-en-ukraine-le-desordre-mondial-ne-favorise-pas-lacceleration-de-la-decarbonations-des-economies","status":"publish","type":"post","link":"https:\/\/linitiative.ca\/International\/changement-climatique-et-guerre-en-ukraine-le-desordre-mondial-ne-favorise-pas-lacceleration-de-la-decarbonations-des-economies\/","title":{"rendered":"Changement climatique et guerre en Ukraine: Le d\u00e9sordre mondial ne favorise pas l\u2019acc\u00e9l\u00e9ration de la d\u00e9carbonations des \u00e9conomies"},"content":{"rendered":"<div><img decoding=\"async\" src=\"https:\/\/linitiative.ca\/International\/wp-content\/uploads\/sites\/23\/2022\/03\/1647971850_article.jpg\" alt=\"Changement climatique et guerre en Ukraine: Le d\u00e9sordre mondial ne favorise pas l\u2019acc\u00e9l\u00e9ration de la d\u00e9carbonations des \u00e9conomies\" align=\"left\">Par Pr Samir Allal &#8211; Comment appr\u00e9hender notre monde qui se transforme de crise en crise ? Comment admettre enfin que, en d\u00e9gradant notre plan\u00e8te, nous d\u00e9gradons nos vies et nos soci\u00e9t\u00e9s ? Comment naviguer dans un oc\u00e9an d\u2019incertitude ? Quelles questions ces changements posent-ils en termes \u00e9pist\u00e9miques et m\u00e9thodologiques mais aussi prospectifs et sp\u00e9culatifs ?<br \/>\nNous sommes au c\u0153ur de la crise et la crise est au c\u0153ur de l\u2019humanit\u00e9<br \/>\nLa guerre en Ukraine est entrain de bousculer brutalement nos soci\u00e9t\u00e9s et de transformer le monde vers un avenir inconnu. Elle nous offre, une opportunit\u00e9 pour nous extirper de notre addiction aux hydrocarbures, et de renforcer notre &#8230;<\/p>\n<\/div>\n<p>Auteur:<br \/>\n<a href=\"https:\/\/www.leaders.com.tn\/article\/33120-changement-climatique-et-guerre-en-ukraine-le-desordre-mondial-ne-favorise-pas-l-acceleration-de-la-decarbonations-des-economies\">Cliquez ici pour lire l&rsquo;article depuis sa source.<\/a><\/p>\n","protected":false},"excerpt":{"rendered":"<p>Par Pr Samir Allal &#8211; Comment appr\u00e9hender notre monde qui se transforme de crise en crise ? Comment admettre enfin que, en d\u00e9gradant notre plan\u00e8te, nous d\u00e9gradons nos vies et nos soci\u00e9t\u00e9s ? Comment naviguer dans un oc\u00e9an d\u2019incertitude ? Quelles questions ces changements posent-ils en termes \u00e9pist\u00e9miques et m\u00e9thodologiques mais aussi prospectifs et sp\u00e9culatifs [&hellip;]<\/p>\n","protected":false},"author":1772,"featured_media":0,"comment_status":"closed","ping_status":"closed","sticky":false,"template":"","format":"standard","meta":{"fifu_image_url":"http:\/\/www.leaders.com.tn\/uploads\/content\/thumbnails_small\/1647971850_article.jpg","fifu_image_alt":"Changement climatique et guerre en Ukraine: Le d\u00e9sordre mondial ne favorise pas l\u2019acc\u00e9l\u00e9ration de la d\u00e9carbonations des \u00e9conomies","footnotes":""},"categories":[73,55],"tags":[],"class_list":["post-143683","post","type-post","status-publish","format-standard","hentry","category-actualite","category-tunisie"],"_links":{"self":[{"href":"https:\/\/linitiative.ca\/International\/wp-json\/wp\/v2\/posts\/143683","targetHints":{"allow":["GET"]}}],"collection":[{"href":"https:\/\/linitiative.ca\/International\/wp-json\/wp\/v2\/posts"}],"about":[{"href":"https:\/\/linitiative.ca\/International\/wp-json\/wp\/v2\/types\/post"}],"author":[{"embeddable":true,"href":"https:\/\/linitiative.ca\/International\/wp-json\/wp\/v2\/users\/1772"}],"replies":[{"embeddable":true,"href":"https:\/\/linitiative.ca\/International\/wp-json\/wp\/v2\/comments?post=143683"}],"version-history":[{"count":0,"href":"https:\/\/linitiative.ca\/International\/wp-json\/wp\/v2\/posts\/143683\/revisions"}],"wp:attachment":[{"href":"https:\/\/linitiative.ca\/International\/wp-json\/wp\/v2\/media?parent=143683"}],"wp:term":[{"taxonomy":"category","embeddable":true,"href":"https:\/\/linitiative.ca\/International\/wp-json\/wp\/v2\/categories?post=143683"},{"taxonomy":"post_tag","embeddable":true,"href":"https:\/\/linitiative.ca\/International\/wp-json\/wp\/v2\/tags?post=143683"}],"curies":[{"name":"wp","href":"https:\/\/api.w.org\/{rel}","templated":true}]}}