{"id":143693,"date":"2022-03-22T16:44:56","date_gmt":"2022-03-22T20:44:56","guid":{"rendered":"https:\/\/linitiative.ca\/International\/car-of-the-year-morocco-2022-cest-parti-pour-la-3eme-edition\/"},"modified":"2022-03-22T16:44:56","modified_gmt":"2022-03-22T20:44:56","slug":"car-of-the-year-morocco-2022-cest-parti-pour-la-3eme-edition","status":"publish","type":"post","link":"https:\/\/linitiative.ca\/International\/car-of-the-year-morocco-2022-cest-parti-pour-la-3eme-edition\/","title":{"rendered":"Car Of The Year Morocco 2022. C\u2019est parti pour la 3\u00e8me \u00e9dition"},"content":{"rendered":"<div><img decoding=\"async\" width=\"746\" height=\"380\" src=\"https:\/\/linitiative.ca\/International\/wp-content\/uploads\/sites\/23\/2022\/03\/nouveau-Ford-Kuga-bon.jpg\" class=\"attachment-post-thumbnail size-post-thumbnail wp-post-image\" alt=\"\" loading=\"lazy\" srcset=\"https:\/\/linitiative.ca\/International\/wp-content\/uploads\/sites\/23\/2022\/03\/nouveau-Ford-Kuga-bon.jpg 746w, https:\/\/www.challenge.ma\/wp-content\/uploads\/2022\/03\/nouveau-Ford-Kuga-bon-300x153.jpg 300w, https:\/\/www.challenge.ma\/wp-content\/uploads\/2022\/03\/nouveau-Ford-Kuga-bon-360x183.jpg 360w\" sizes=\"auto, (max-width: 746px) 100vw, 746px\" itemprop=\"image\">La 3\u00e8me\u00a0\u00e9dition du \u00abCar Of The Year Morocco 2022\u00bb est sur les rails, l\u2019objectif \u00e9tant de d\u00e9terminer qui des 19 pr\u00e9tendantes en lice succ\u00e9dera au Ford Kuga, afin de s\u2019octroyer le titre cette ann\u00e9e. Fort du succ\u00e8s des \u00e9ditions pr\u00e9c\u00e9dentes, l\u2019Association des Importateurs Automobiles au Maroc (Aivam) encha\u00eene avec la<\/div>\n<p>Auteur: David J\u00e9r\u00e9mie<br \/>\n<a href=\"https:\/\/www.challenge.ma\/car-of-the-year-morocco-2022-cest-parti-pour-la-3eme-edition-235111\/\">Cliquez ici pour lire l&rsquo;article depuis sa source.<\/a><\/p>\n","protected":false},"excerpt":{"rendered":"<p>La 3\u00e8me\u00a0\u00e9dition du \u00abCar Of The Year Morocco 2022\u00bb est sur les rails, l\u2019objectif \u00e9tant de d\u00e9terminer qui des 19 pr\u00e9tendantes en lice succ\u00e9dera au Ford Kuga, afin de s\u2019octroyer le titre cette ann\u00e9e. Fort du succ\u00e8s des \u00e9ditions pr\u00e9c\u00e9dentes, l\u2019Association des Importateurs Automobiles au Maroc (Aivam) encha\u00eene avec la Auteur: David J\u00e9r\u00e9mie Cliquez ici [&hellip;]<\/p>\n","protected":false},"author":1787,"featured_media":0,"comment_status":"closed","ping_status":"closed","sticky":false,"template":"","format":"standard","meta":{"fifu_image_url":"https:\/\/www.challenge.ma\/wp-content\/uploads\/2022\/03\/nouveau-Ford-Kuga-bon.jpg","fifu_image_alt":"Car Of The Year Morocco 2022. C\u2019est parti pour la 3\u00e8me \u00e9dition","footnotes":""},"categories":[78,54],"tags":[],"class_list":["post-143693","post","type-post","status-publish","format-standard","hentry","category-economie","category-maroc"],"_links":{"self":[{"href":"https:\/\/linitiative.ca\/International\/wp-json\/wp\/v2\/posts\/143693","targetHints":{"allow":["GET"]}}],"collection":[{"href":"https:\/\/linitiative.ca\/International\/wp-json\/wp\/v2\/posts"}],"about":[{"href":"https:\/\/linitiative.ca\/International\/wp-json\/wp\/v2\/types\/post"}],"author":[{"embeddable":true,"href":"https:\/\/linitiative.ca\/International\/wp-json\/wp\/v2\/users\/1787"}],"replies":[{"embeddable":true,"href":"https:\/\/linitiative.ca\/International\/wp-json\/wp\/v2\/comments?post=143693"}],"version-history":[{"count":0,"href":"https:\/\/linitiative.ca\/International\/wp-json\/wp\/v2\/posts\/143693\/revisions"}],"wp:attachment":[{"href":"https:\/\/linitiative.ca\/International\/wp-json\/wp\/v2\/media?parent=143693"}],"wp:term":[{"taxonomy":"category","embeddable":true,"href":"https:\/\/linitiative.ca\/International\/wp-json\/wp\/v2\/categories?post=143693"},{"taxonomy":"post_tag","embeddable":true,"href":"https:\/\/linitiative.ca\/International\/wp-json\/wp\/v2\/tags?post=143693"}],"curies":[{"name":"wp","href":"https:\/\/api.w.org\/{rel}","templated":true}]}}