{"id":143696,"date":"2022-03-22T16:56:26","date_gmt":"2022-03-22T20:56:26","guid":{"rendered":"https:\/\/linitiative.ca\/International\/tunisie-vers-loctroi-de-credits-pour-financer-des-vacances\/"},"modified":"2022-03-22T16:56:26","modified_gmt":"2022-03-22T20:56:26","slug":"tunisie-vers-loctroi-de-credits-pour-financer-des-vacances","status":"publish","type":"post","link":"https:\/\/linitiative.ca\/International\/tunisie-vers-loctroi-de-credits-pour-financer-des-vacances\/","title":{"rendered":"Tunisie \u2013 Vers l\u2019octroi de cr\u00e9dits pour financer des vacances"},"content":{"rendered":"<div>\n<p>Le ministre du tourisme a annonc\u00e9, ce mardi, \u00e0 la presse, que son d\u00e9partement a d\u00e9velopp\u00e9 un axe important pour la promotion du tourisme int\u00e9rieur, dans sa strat\u00e9gie globale. Il a expliqu\u00e9 que l\u2019ex\u00e9cution de ce plan a commenc\u00e9 depuis l\u2019ann\u00e9e \u00e9coul\u00e9e, \u00e0 travers l\u2019application de tarifs pr\u00e9f\u00e9rentiels au profit des tunisiens et des facilit\u00e9s [\u2026]<\/p>\n<p>L\u2019article <a href=\"https:\/\/www.tunisienumerique.com\/tunisie-vers-loctroi-de-credits-pour-financer-des-vacances\/\">Tunisie \u2013 Vers l\u2019octroi de cr\u00e9dits pour financer des vacances<\/a> est apparu en premier sur <a href=\"https:\/\/www.tunisienumerique.com\/\">Tunisie<\/a>.<\/p>\n<\/div>\n<p>Auteur: LM<br \/>\n<a href=\"https:\/\/www.tunisienumerique.com\/tunisie-vers-loctroi-de-credits-pour-financer-des-vacances\/\">Cliquez ici pour lire l&rsquo;article depuis sa source.<\/a><\/p>\n","protected":false},"excerpt":{"rendered":"<p>Le ministre du tourisme a annonc\u00e9, ce mardi, \u00e0 la presse, que son d\u00e9partement a d\u00e9velopp\u00e9 un axe important pour la promotion du tourisme int\u00e9rieur, dans sa strat\u00e9gie globale. Il a expliqu\u00e9 que l\u2019ex\u00e9cution de ce plan a commenc\u00e9 depuis l\u2019ann\u00e9e \u00e9coul\u00e9e, \u00e0 travers l\u2019application de tarifs pr\u00e9f\u00e9rentiels au profit des tunisiens et des facilit\u00e9s [&hellip;]<\/p>\n","protected":false},"author":1789,"featured_media":0,"comment_status":"closed","ping_status":"closed","sticky":false,"template":"","format":"standard","meta":{"fifu_image_url":"","fifu_image_alt":"","footnotes":""},"categories":[73,55],"tags":[],"class_list":["post-143696","post","type-post","status-publish","format-standard","hentry","category-actualite","category-tunisie"],"_links":{"self":[{"href":"https:\/\/linitiative.ca\/International\/wp-json\/wp\/v2\/posts\/143696","targetHints":{"allow":["GET"]}}],"collection":[{"href":"https:\/\/linitiative.ca\/International\/wp-json\/wp\/v2\/posts"}],"about":[{"href":"https:\/\/linitiative.ca\/International\/wp-json\/wp\/v2\/types\/post"}],"author":[{"embeddable":true,"href":"https:\/\/linitiative.ca\/International\/wp-json\/wp\/v2\/users\/1789"}],"replies":[{"embeddable":true,"href":"https:\/\/linitiative.ca\/International\/wp-json\/wp\/v2\/comments?post=143696"}],"version-history":[{"count":0,"href":"https:\/\/linitiative.ca\/International\/wp-json\/wp\/v2\/posts\/143696\/revisions"}],"wp:attachment":[{"href":"https:\/\/linitiative.ca\/International\/wp-json\/wp\/v2\/media?parent=143696"}],"wp:term":[{"taxonomy":"category","embeddable":true,"href":"https:\/\/linitiative.ca\/International\/wp-json\/wp\/v2\/categories?post=143696"},{"taxonomy":"post_tag","embeddable":true,"href":"https:\/\/linitiative.ca\/International\/wp-json\/wp\/v2\/tags?post=143696"}],"curies":[{"name":"wp","href":"https:\/\/api.w.org\/{rel}","templated":true}]}}