{"id":143699,"date":"2022-03-22T17:23:44","date_gmt":"2022-03-22T21:23:44","guid":{"rendered":"https:\/\/linitiative.ca\/International\/20-mars-2022-reception-distinguee-a-lambassade-de-tunisie-a-bruxelles\/"},"modified":"2022-03-22T17:23:44","modified_gmt":"2022-03-22T21:23:44","slug":"20-mars-2022-reception-distinguee-a-lambassade-de-tunisie-a-bruxelles","status":"publish","type":"post","link":"https:\/\/linitiative.ca\/International\/20-mars-2022-reception-distinguee-a-lambassade-de-tunisie-a-bruxelles\/","title":{"rendered":"20 mars 2022 \u2013 R\u00e9ception distingu\u00e9e \u00e0 l\u2019ambassade de Tunisie \u00e0 Bruxelles"},"content":{"rendered":"<div>\n<p>L\u2019ambassade de Tunisie \u00e0 Bruxelles a connu, ce 22 mars, une r\u00e9ception distingu\u00e9e, en comm\u00e9moration de la f\u00eate de l\u2019ind\u00e9pendance. La r\u00e9ception a connu une grande affluence de h\u00f4tes, et a \u00e9t\u00e9 anim\u00e9e par des performances remarqu\u00e9es de plusieurs artistes tunisiens. L\u2019allocution de l\u2019ambassadeur, Nabil Ammar, a, particuli\u00e8rement \u00e9t\u00e9 appr\u00e9ci\u00e9e et salu\u00e9e par l\u2019audience.<\/p>\n<p>L\u2019article <a href=\"https:\/\/www.tunisienumerique.com\/20-mars-2022-reception-distinguee-a-lambassade-de-tunisie-a-bruxelles\/\">20 mars 2022 \u2013 R\u00e9ception distingu\u00e9e \u00e0 l\u2019ambassade de Tunisie \u00e0 Bruxelles<\/a> est apparu en premier sur <a href=\"https:\/\/www.tunisienumerique.com\/\">Tunisie<\/a>.<\/p>\n<\/div>\n<p>Auteur: LM<br \/>\n<a href=\"https:\/\/www.tunisienumerique.com\/20-mars-2022-reception-distinguee-a-lambassade-de-tunisie-a-bruxelles\/\">Cliquez ici pour lire l&rsquo;article depuis sa source.<\/a><\/p>\n","protected":false},"excerpt":{"rendered":"<p>L\u2019ambassade de Tunisie \u00e0 Bruxelles a connu, ce 22 mars, une r\u00e9ception distingu\u00e9e, en comm\u00e9moration de la f\u00eate de l\u2019ind\u00e9pendance. La r\u00e9ception a connu une grande affluence de h\u00f4tes, et a \u00e9t\u00e9 anim\u00e9e par des performances remarqu\u00e9es de plusieurs artistes tunisiens. L\u2019allocution de l\u2019ambassadeur, Nabil Ammar, a, particuli\u00e8rement \u00e9t\u00e9 appr\u00e9ci\u00e9e et salu\u00e9e par l\u2019audience. L\u2019article [&hellip;]<\/p>\n","protected":false},"author":1789,"featured_media":0,"comment_status":"closed","ping_status":"closed","sticky":false,"template":"","format":"standard","meta":{"fifu_image_url":"","fifu_image_alt":"","footnotes":""},"categories":[73,55],"tags":[],"class_list":["post-143699","post","type-post","status-publish","format-standard","hentry","category-actualite","category-tunisie"],"_links":{"self":[{"href":"https:\/\/linitiative.ca\/International\/wp-json\/wp\/v2\/posts\/143699","targetHints":{"allow":["GET"]}}],"collection":[{"href":"https:\/\/linitiative.ca\/International\/wp-json\/wp\/v2\/posts"}],"about":[{"href":"https:\/\/linitiative.ca\/International\/wp-json\/wp\/v2\/types\/post"}],"author":[{"embeddable":true,"href":"https:\/\/linitiative.ca\/International\/wp-json\/wp\/v2\/users\/1789"}],"replies":[{"embeddable":true,"href":"https:\/\/linitiative.ca\/International\/wp-json\/wp\/v2\/comments?post=143699"}],"version-history":[{"count":0,"href":"https:\/\/linitiative.ca\/International\/wp-json\/wp\/v2\/posts\/143699\/revisions"}],"wp:attachment":[{"href":"https:\/\/linitiative.ca\/International\/wp-json\/wp\/v2\/media?parent=143699"}],"wp:term":[{"taxonomy":"category","embeddable":true,"href":"https:\/\/linitiative.ca\/International\/wp-json\/wp\/v2\/categories?post=143699"},{"taxonomy":"post_tag","embeddable":true,"href":"https:\/\/linitiative.ca\/International\/wp-json\/wp\/v2\/tags?post=143699"}],"curies":[{"name":"wp","href":"https:\/\/api.w.org\/{rel}","templated":true}]}}