{"id":143700,"date":"2022-03-22T15:45:59","date_gmt":"2022-03-22T19:45:59","guid":{"rendered":"https:\/\/linitiative.ca\/International\/assises-nationales-en-guinee-doumbouya-avance-t-il-masque\/"},"modified":"2022-03-22T15:45:59","modified_gmt":"2022-03-22T19:45:59","slug":"assises-nationales-en-guinee-doumbouya-avance-t-il-masque","status":"publish","type":"post","link":"https:\/\/linitiative.ca\/International\/assises-nationales-en-guinee-doumbouya-avance-t-il-masque\/","title":{"rendered":"ASSISES NATIONALES EN GUINEE : Doumbouya avance-t-il masqu\u00e9 ?"},"content":{"rendered":"<div>\n<p><img decoding=\"async\" width=\"592\" height=\"296\" src=\"https:\/\/linitiative.ca\/International\/wp-content\/uploads\/sites\/23\/2022\/03\/GUINEE.jpg\" class=\"attachment- size- wp-post-image\" alt=\"\" loading=\"lazy\" style=\"float:left; margin:0 15px 15px 0;\" srcset=\"https:\/\/linitiative.ca\/International\/wp-content\/uploads\/sites\/23\/2022\/03\/GUINEE.jpg 592w, https:\/\/lepays.bf\/wp-content\/uploads\/2022\/03\/GUINEE-300x150.jpg 300w, https:\/\/lepays.bf\/wp-content\/uploads\/2022\/03\/GUINEE-150x75.jpg 150w\" sizes=\"auto, (max-width: 592px) 100vw, 592px\">Le 22 mars, ont d\u00e9marr\u00e9, dans la capitale guin\u00e9enne, les Assises nationales \u00e0 l\u2019initiative du minist\u00e8re de l\u2019Administration du territoire et de la d\u00e9centralisation. Annonc\u00e9es depuis belle lurette par le pr\u00e9sident de la Transition, le colonel Mamadi Doumbouya, ces rencontres qui visent \u00e0 b\u00e2tir \u00ab\u00a0un [\u2026]<\/p>\n<p>L\u2019article <a rel=\"nofollow\" href=\"https:\/\/lepays.bf\/assises-nationales-en-guinee-doumbouya-avance-t-il-masque\/\">ASSISES NATIONALES EN GUINEE : Doumbouya avance-t-il masqu\u00e9 ?<\/a> est apparu en premier sur <a rel=\"nofollow\" href=\"https:\/\/lepays.bf\/\">Editions Le Pays<\/a>.<\/p>\n<\/div>\n<p>Auteur: Editions LEPAYS<br \/>\n<a href=\"https:\/\/lepays.bf\/assises-nationales-en-guinee-doumbouya-avance-t-il-masque\/\">Cliquez ici pour lire l&rsquo;article depuis sa source.<\/a><\/p>\n","protected":false},"excerpt":{"rendered":"<p>Le 22 mars, ont d\u00e9marr\u00e9, dans la capitale guin\u00e9enne, les Assises nationales \u00e0 l\u2019initiative du minist\u00e8re de l\u2019Administration du territoire et de la d\u00e9centralisation. Annonc\u00e9es depuis belle lurette par le pr\u00e9sident de la Transition, le colonel Mamadi Doumbouya, ces rencontres qui visent \u00e0 b\u00e2tir \u00ab\u00a0un [\u2026] L\u2019article ASSISES NATIONALES EN GUINEE : Doumbouya avance-t-il masqu\u00e9 [&hellip;]<\/p>\n","protected":false},"author":1813,"featured_media":0,"comment_status":"closed","ping_status":"closed","sticky":false,"template":"","format":"standard","meta":{"fifu_image_url":"https:\/\/lepays.bf\/wp-content\/uploads\/2022\/03\/GUINEE.jpg","fifu_image_alt":"ASSISES NATIONALES EN GUINEE : Doumbouya avance-t-il masqu\u00e9 ?","footnotes":""},"categories":[73,81],"tags":[],"class_list":["post-143700","post","type-post","status-publish","format-standard","hentry","category-actualite","category-burkina-faso"],"_links":{"self":[{"href":"https:\/\/linitiative.ca\/International\/wp-json\/wp\/v2\/posts\/143700","targetHints":{"allow":["GET"]}}],"collection":[{"href":"https:\/\/linitiative.ca\/International\/wp-json\/wp\/v2\/posts"}],"about":[{"href":"https:\/\/linitiative.ca\/International\/wp-json\/wp\/v2\/types\/post"}],"author":[{"embeddable":true,"href":"https:\/\/linitiative.ca\/International\/wp-json\/wp\/v2\/users\/1813"}],"replies":[{"embeddable":true,"href":"https:\/\/linitiative.ca\/International\/wp-json\/wp\/v2\/comments?post=143700"}],"version-history":[{"count":0,"href":"https:\/\/linitiative.ca\/International\/wp-json\/wp\/v2\/posts\/143700\/revisions"}],"wp:attachment":[{"href":"https:\/\/linitiative.ca\/International\/wp-json\/wp\/v2\/media?parent=143700"}],"wp:term":[{"taxonomy":"category","embeddable":true,"href":"https:\/\/linitiative.ca\/International\/wp-json\/wp\/v2\/categories?post=143700"},{"taxonomy":"post_tag","embeddable":true,"href":"https:\/\/linitiative.ca\/International\/wp-json\/wp\/v2\/tags?post=143700"}],"curies":[{"name":"wp","href":"https:\/\/api.w.org\/{rel}","templated":true}]}}