{"id":143702,"date":"2022-03-22T15:49:34","date_gmt":"2022-03-22T19:49:34","guid":{"rendered":"https:\/\/linitiative.ca\/International\/installation-des-membres-de-lassemblee-de-transition-lalt-sera-t-elle-a-la-hauteur-des-defis\/"},"modified":"2022-03-22T15:49:34","modified_gmt":"2022-03-22T19:49:34","slug":"installation-des-membres-de-lassemblee-de-transition-lalt-sera-t-elle-a-la-hauteur-des-defis","status":"publish","type":"post","link":"https:\/\/linitiative.ca\/International\/installation-des-membres-de-lassemblee-de-transition-lalt-sera-t-elle-a-la-hauteur-des-defis\/","title":{"rendered":"INSTALLATION DES MEMBRES DE L\u2019ASSEMBLEE DE TRANSITION : L\u2019ALT sera-t-elle \u00e0 la hauteur des d\u00e9fis\u00a0?"},"content":{"rendered":"<div>\n<p><img decoding=\"async\" width=\"1080\" height=\"486\" src=\"https:\/\/linitiative.ca\/International\/wp-content\/uploads\/sites\/23\/2022\/03\/DEPUTES-1.jpg\" class=\"attachment- size- wp-post-image\" alt=\"\" loading=\"lazy\" style=\"float:left; margin:0 15px 15px 0;\" srcset=\"https:\/\/linitiative.ca\/International\/wp-content\/uploads\/sites\/23\/2022\/03\/DEPUTES-1.jpg 1080w, https:\/\/lepays.bf\/wp-content\/uploads\/2022\/03\/DEPUTES-1-300x135.jpg 300w, https:\/\/lepays.bf\/wp-content\/uploads\/2022\/03\/DEPUTES-1-1024x461.jpg 1024w, https:\/\/lepays.bf\/wp-content\/uploads\/2022\/03\/DEPUTES-1-150x68.jpg 150w, https:\/\/lepays.bf\/wp-content\/uploads\/2022\/03\/DEPUTES-1-768x346.jpg 768w\" sizes=\"auto, (max-width: 1080px) 100vw, 1080px\">Les hommes et les femmes d\u00e9sign\u00e9s pour \u00eatre membres de l\u2019Assembl\u00e9e l\u00e9gislative de transition, ont \u00e9t\u00e9 convoqu\u00e9s en session sp\u00e9ciale d\u2019installation hier, 22 mars 2022, \u00e0 10 heures 00 au si\u00e8ge de l\u2019Assembl\u00e9e nationale. C\u2019est en substance, le contenu de la note sign\u00e9e par Raki\u00e8ta [\u2026]<\/p>\n<p>L\u2019article <a rel=\"nofollow\" href=\"https:\/\/lepays.bf\/installation-des-membres-de-lassemblee-de-transition-lalt-sera-t-elle-a-la-hauteur-des-defis-2\/\">INSTALLATION DES MEMBRES DE L\u2019ASSEMBLEE DE TRANSITION : L\u2019ALT sera-t-elle \u00e0 la hauteur des d\u00e9fis\u00a0?<\/a> est apparu en premier sur <a rel=\"nofollow\" href=\"https:\/\/lepays.bf\/\">Editions Le Pays<\/a>.<\/p>\n<\/div>\n<p>Auteur: Editions LEPAYS<br \/>\n<a href=\"https:\/\/lepays.bf\/installation-des-membres-de-lassemblee-de-transition-lalt-sera-t-elle-a-la-hauteur-des-defis-2\/\">Cliquez ici pour lire l&rsquo;article depuis sa source.<\/a><\/p>\n","protected":false},"excerpt":{"rendered":"<p>Les hommes et les femmes d\u00e9sign\u00e9s pour \u00eatre membres de l\u2019Assembl\u00e9e l\u00e9gislative de transition, ont \u00e9t\u00e9 convoqu\u00e9s en session sp\u00e9ciale d\u2019installation hier, 22 mars 2022, \u00e0 10 heures 00 au si\u00e8ge de l\u2019Assembl\u00e9e nationale. C\u2019est en substance, le contenu de la note sign\u00e9e par Raki\u00e8ta [\u2026] L\u2019article INSTALLATION DES MEMBRES DE L\u2019ASSEMBLEE DE TRANSITION : [&hellip;]<\/p>\n","protected":false},"author":1813,"featured_media":0,"comment_status":"closed","ping_status":"closed","sticky":false,"template":"","format":"standard","meta":{"fifu_image_url":"https:\/\/lepays.bf\/wp-content\/uploads\/2022\/03\/DEPUTES-1.jpg","fifu_image_alt":"INSTALLATION DES MEMBRES DE L\u2019ASSEMBLEE DE TRANSITION : L\u2019ALT sera-t-elle \u00e0 la hauteur des d\u00e9fis\u00a0?","footnotes":""},"categories":[73,81],"tags":[],"class_list":["post-143702","post","type-post","status-publish","format-standard","hentry","category-actualite","category-burkina-faso"],"_links":{"self":[{"href":"https:\/\/linitiative.ca\/International\/wp-json\/wp\/v2\/posts\/143702","targetHints":{"allow":["GET"]}}],"collection":[{"href":"https:\/\/linitiative.ca\/International\/wp-json\/wp\/v2\/posts"}],"about":[{"href":"https:\/\/linitiative.ca\/International\/wp-json\/wp\/v2\/types\/post"}],"author":[{"embeddable":true,"href":"https:\/\/linitiative.ca\/International\/wp-json\/wp\/v2\/users\/1813"}],"replies":[{"embeddable":true,"href":"https:\/\/linitiative.ca\/International\/wp-json\/wp\/v2\/comments?post=143702"}],"version-history":[{"count":0,"href":"https:\/\/linitiative.ca\/International\/wp-json\/wp\/v2\/posts\/143702\/revisions"}],"wp:attachment":[{"href":"https:\/\/linitiative.ca\/International\/wp-json\/wp\/v2\/media?parent=143702"}],"wp:term":[{"taxonomy":"category","embeddable":true,"href":"https:\/\/linitiative.ca\/International\/wp-json\/wp\/v2\/categories?post=143702"},{"taxonomy":"post_tag","embeddable":true,"href":"https:\/\/linitiative.ca\/International\/wp-json\/wp\/v2\/tags?post=143702"}],"curies":[{"name":"wp","href":"https:\/\/api.w.org\/{rel}","templated":true}]}}