{"id":143704,"date":"2022-03-22T15:53:17","date_gmt":"2022-03-22T19:53:17","guid":{"rendered":"https:\/\/linitiative.ca\/International\/hommage-post-mortem-a-soumeylou-boubeye-maiga-si-lhypocrisie-avait-un-nom\/"},"modified":"2022-03-22T15:53:17","modified_gmt":"2022-03-22T19:53:17","slug":"hommage-post-mortem-a-soumeylou-boubeye-maiga-si-lhypocrisie-avait-un-nom","status":"publish","type":"post","link":"https:\/\/linitiative.ca\/International\/hommage-post-mortem-a-soumeylou-boubeye-maiga-si-lhypocrisie-avait-un-nom\/","title":{"rendered":"HOMMAGE POST-MORTEM A SOUMEYLOU BOUBEYE MAIGA : Si l\u2019hypocrisie avait un nom\u2026"},"content":{"rendered":"<div>\n<p><img loading=\"lazy\" decoding=\"async\" width=\"592\" height=\"296\" src=\"https:\/\/linitiative.ca\/International\/wp-content\/uploads\/sites\/23\/2022\/03\/HOMMAGE.jpg\" class=\"attachment- size- wp-post-image\" alt=\"\" style=\"float:left; margin:0 15px 15px 0;\" srcset=\"https:\/\/linitiative.ca\/International\/wp-content\/uploads\/sites\/23\/2022\/03\/HOMMAGE.jpg 592w, https:\/\/lepays.bf\/wp-content\/uploads\/2022\/03\/HOMMAGE-300x150.jpg 300w, https:\/\/lepays.bf\/wp-content\/uploads\/2022\/03\/HOMMAGE-150x75.jpg 150w\" sizes=\"auto, (max-width: 592px) 100vw, 592px\">L\u2019ex-Premier ministre du Mali, entre 2017 et 2019, est d\u00e9c\u00e9d\u00e9 le 21 mars dernier dans une clinique de Bamako. \u00a0Dans l\u2019avalanche des hommages post-mortem rendus \u00e0 Soumeylou Boub\u00e8ye Ma\u00efga, si l\u2019hypocrisie avait un nom, elle s\u2019appellerait Assimi Go\u00efta et compagnie. \u00a0En effet, en r\u00e9action \u00e0 [\u2026]<\/p>\n<p>L\u2019article <a rel=\"nofollow\" href=\"https:\/\/lepays.bf\/hommage-post-mortem-a-soumeylou-boubeye-maiga-si-lhypocrisie-avait-un-nom\/\">HOMMAGE POST-MORTEM A SOUMEYLOU BOUBEYE MAIGA : Si l\u2019hypocrisie avait un nom\u2026<\/a> est apparu en premier sur <a rel=\"nofollow\" href=\"https:\/\/lepays.bf\/\">Editions Le Pays<\/a>.<\/p>\n<\/div>\n<p>Auteur: Editions LEPAYS<br \/>\n<a href=\"https:\/\/lepays.bf\/hommage-post-mortem-a-soumeylou-boubeye-maiga-si-lhypocrisie-avait-un-nom\/\">Cliquez ici pour lire l&rsquo;article depuis sa source.<\/a><\/p>\n","protected":false},"excerpt":{"rendered":"<p>L\u2019ex-Premier ministre du Mali, entre 2017 et 2019, est d\u00e9c\u00e9d\u00e9 le 21 mars dernier dans une clinique de Bamako. \u00a0Dans l\u2019avalanche des hommages post-mortem rendus \u00e0 Soumeylou Boub\u00e8ye Ma\u00efga, si l\u2019hypocrisie avait un nom, elle s\u2019appellerait Assimi Go\u00efta et compagnie. \u00a0En effet, en r\u00e9action \u00e0 [\u2026] L\u2019article HOMMAGE POST-MORTEM A SOUMEYLOU BOUBEYE MAIGA : Si [&hellip;]<\/p>\n","protected":false},"author":1813,"featured_media":0,"comment_status":"closed","ping_status":"closed","sticky":false,"template":"","format":"standard","meta":{"fifu_image_url":"https:\/\/lepays.bf\/wp-content\/uploads\/2022\/03\/HOMMAGE.jpg","fifu_image_alt":"HOMMAGE POST-MORTEM A SOUMEYLOU BOUBEYE MAIGA : Si l\u2019hypocrisie avait un nom\u2026","footnotes":""},"categories":[73,81],"tags":[],"class_list":["post-143704","post","type-post","status-publish","format-standard","hentry","category-actualite","category-burkina-faso"],"_links":{"self":[{"href":"https:\/\/linitiative.ca\/International\/wp-json\/wp\/v2\/posts\/143704","targetHints":{"allow":["GET"]}}],"collection":[{"href":"https:\/\/linitiative.ca\/International\/wp-json\/wp\/v2\/posts"}],"about":[{"href":"https:\/\/linitiative.ca\/International\/wp-json\/wp\/v2\/types\/post"}],"author":[{"embeddable":true,"href":"https:\/\/linitiative.ca\/International\/wp-json\/wp\/v2\/users\/1813"}],"replies":[{"embeddable":true,"href":"https:\/\/linitiative.ca\/International\/wp-json\/wp\/v2\/comments?post=143704"}],"version-history":[{"count":0,"href":"https:\/\/linitiative.ca\/International\/wp-json\/wp\/v2\/posts\/143704\/revisions"}],"wp:attachment":[{"href":"https:\/\/linitiative.ca\/International\/wp-json\/wp\/v2\/media?parent=143704"}],"wp:term":[{"taxonomy":"category","embeddable":true,"href":"https:\/\/linitiative.ca\/International\/wp-json\/wp\/v2\/categories?post=143704"},{"taxonomy":"post_tag","embeddable":true,"href":"https:\/\/linitiative.ca\/International\/wp-json\/wp\/v2\/tags?post=143704"}],"curies":[{"name":"wp","href":"https:\/\/api.w.org\/{rel}","templated":true}]}}