{"id":143706,"date":"2022-03-22T07:52:13","date_gmt":"2022-03-22T11:52:13","guid":{"rendered":"https:\/\/linitiative.ca\/International\/centrafrique-un-dialogue-republicain-boycotte-par-lopposition\/"},"modified":"2022-03-22T07:52:13","modified_gmt":"2022-03-22T11:52:13","slug":"centrafrique-un-dialogue-republicain-boycotte-par-lopposition","status":"publish","type":"post","link":"https:\/\/linitiative.ca\/International\/centrafrique-un-dialogue-republicain-boycotte-par-lopposition\/","title":{"rendered":"Centrafrique : Un dialogue r\u00e9publicain boycott\u00e9 par l\u2019opposition"},"content":{"rendered":"<div>\n<p>Embourb\u00e9e dans une guerre civile, la Centrafrique vient de lancer des pourparlers de r\u00e9conciliation nationale pour tenter de r\u00e9tablir la paix dans le pays. Ce dialogue, une promesse du pr\u00e9sident Faustin Archange Touadera apr\u00e8s sa r\u00e9\u00e9lection controvers\u00e9e, r\u00e9unit des repr\u00e9sentants du parti au pouvoir, de la soci\u00e9t\u00e9 civile et \u00a0autres invit\u00e9s \u00e0 l\u2019Assembl\u00e9e nationale.\u00a0<em>\u00ab\u00a0Ce dialogue, les Centrafricains l\u2019ont voulu depuis tr\u00e8s longtemps.<\/em> <em>Et les Centrafricains voulaient se parler entre eux parce qu\u2019il y a eu beaucoup de p\u00e9riodes de crises, qui font qu\u2019il \u00e9tait n\u00e9cessaire de se parler\u00bb<\/em>, a d\u00e9clar\u00e9 le pr\u00e9sident Touad\u00e9ra. Ces discussions se tiennent \u00a0\u00a0sans les groupes rebelles et l\u2019opposition politique. Selon les experts r\u00e9gionaux, cit\u00e9s par Africanews, l\u2019absence des rebelles et de l\u2019opposition au dialogue ne laisse que peu de chances d\u2019am\u00e9liorer la s\u00e9curit\u00e9 du pays. Ils estiment que le forum a \u00e9t\u00e9 mis en place uniquement pour tranquilliser la communaut\u00e9 internationale.<\/p>\n<p>A.K<\/p>\n<p>\u00a0<\/p>\n<p>A.K<\/p>\n<p>L\u2019article <a rel=\"nofollow\" href=\"https:\/\/www.sidwaya.info\/blog\/2022\/03\/22\/centrafrique-un-dialogue-republicain-boycotte-par-lopposition\/\">Centrafrique : Un dialogue r\u00e9publicain boycott\u00e9 par l\u2019opposition<\/a> est apparu en premier sur <a rel=\"nofollow\" href=\"https:\/\/www.sidwaya.info\/\">Quotidien Sidwaya<\/a>.<\/p>\n<\/div>\n<p>Auteur: BS. Sidwaya<br \/>\n<a href=\"https:\/\/www.sidwaya.info\/blog\/2022\/03\/22\/centrafrique-un-dialogue-republicain-boycotte-par-lopposition\/?utm_source=rss&#038;utm_medium=rss&#038;utm_campaign=centrafrique-un-dialogue-republicain-boycotte-par-lopposition\">Cliquez ici pour lire l&rsquo;article depuis sa source.<\/a><\/p>\n","protected":false},"excerpt":{"rendered":"<p>Embourb\u00e9e dans une guerre civile, la Centrafrique vient de lancer des pourparlers de r\u00e9conciliation nationale pour tenter de r\u00e9tablir la paix dans le pays. Ce dialogue, une promesse du pr\u00e9sident Faustin Archange Touadera apr\u00e8s sa r\u00e9\u00e9lection controvers\u00e9e, r\u00e9unit des repr\u00e9sentants du parti au pouvoir, de la soci\u00e9t\u00e9 civile et \u00a0autres invit\u00e9s \u00e0 l\u2019Assembl\u00e9e nationale.\u00a0\u00ab\u00a0Ce dialogue, [&hellip;]<\/p>\n","protected":false},"author":1816,"featured_media":0,"comment_status":"closed","ping_status":"closed","sticky":false,"template":"","format":"standard","meta":{"fifu_image_url":"","fifu_image_alt":"","footnotes":""},"categories":[73,81],"tags":[],"class_list":["post-143706","post","type-post","status-publish","format-standard","hentry","category-actualite","category-burkina-faso"],"_links":{"self":[{"href":"https:\/\/linitiative.ca\/International\/wp-json\/wp\/v2\/posts\/143706","targetHints":{"allow":["GET"]}}],"collection":[{"href":"https:\/\/linitiative.ca\/International\/wp-json\/wp\/v2\/posts"}],"about":[{"href":"https:\/\/linitiative.ca\/International\/wp-json\/wp\/v2\/types\/post"}],"author":[{"embeddable":true,"href":"https:\/\/linitiative.ca\/International\/wp-json\/wp\/v2\/users\/1816"}],"replies":[{"embeddable":true,"href":"https:\/\/linitiative.ca\/International\/wp-json\/wp\/v2\/comments?post=143706"}],"version-history":[{"count":0,"href":"https:\/\/linitiative.ca\/International\/wp-json\/wp\/v2\/posts\/143706\/revisions"}],"wp:attachment":[{"href":"https:\/\/linitiative.ca\/International\/wp-json\/wp\/v2\/media?parent=143706"}],"wp:term":[{"taxonomy":"category","embeddable":true,"href":"https:\/\/linitiative.ca\/International\/wp-json\/wp\/v2\/categories?post=143706"},{"taxonomy":"post_tag","embeddable":true,"href":"https:\/\/linitiative.ca\/International\/wp-json\/wp\/v2\/tags?post=143706"}],"curies":[{"name":"wp","href":"https:\/\/api.w.org\/{rel}","templated":true}]}}