{"id":143707,"date":"2022-03-22T07:53:18","date_gmt":"2022-03-22T11:53:18","guid":{"rendered":"https:\/\/linitiative.ca\/International\/assemblee-legislative-de-la-transition-les-deputes-ont-ete-installes\/"},"modified":"2022-03-22T07:53:18","modified_gmt":"2022-03-22T11:53:18","slug":"assemblee-legislative-de-la-transition-les-deputes-ont-ete-installes","status":"publish","type":"post","link":"https:\/\/linitiative.ca\/International\/assemblee-legislative-de-la-transition-les-deputes-ont-ete-installes\/","title":{"rendered":"Assembl\u00e9e l\u00e9gislative de la transition : Les d\u00e9put\u00e9s ont \u00e9t\u00e9 install\u00e9s."},"content":{"rendered":"<div>\n<p>Les d\u00e9put\u00e9s de l\u2019Assembl\u00e9e Nationale de la Transition (ALT) ont \u00e9t\u00e9 officiellement install\u00e9s ce mardi 22 mars 2022. C\u2019est Jean Hubert Bazi\u00e9, le doyen d\u2019\u00e2ge des d\u00e9put\u00e9s qui a pr\u00e9sid\u00e9 la c\u00e9r\u00e9monie de validation du mandat des d\u00e9put\u00e9s \u00e0 l\u2019issue duquel le pr\u00e9sident de l\u2019Assembl\u00e9e L\u00e9gislative de transition devra \u00eatre \u00e9lu.<\/p>\n<p><img decoding=\"async\" loading=\"lazy\" class=\"alignnone wp-image-47019 size-large\" src=\"https:\/\/linitiative.ca\/International\/wp-content\/uploads\/sites\/23\/2022\/03\/ph-bazie-1024x768-1.jpg\" alt=\"\" width=\"696\" height=\"522\" srcset=\"https:\/\/linitiative.ca\/International\/wp-content\/uploads\/sites\/23\/2022\/03\/ph-bazie-1024x768-1.jpg 1024w, https:\/\/www.sidwaya.info\/wp-content\/uploads\/2022\/03\/ph-bazie-300x225.jpg 300w, https:\/\/www.sidwaya.info\/wp-content\/uploads\/2022\/03\/ph-bazie-768x576.jpg 768w, https:\/\/www.sidwaya.info\/wp-content\/uploads\/2022\/03\/ph-bazie-1536x1152.jpg 1536w, https:\/\/www.sidwaya.info\/wp-content\/uploads\/2022\/03\/ph-bazie-150x113.jpg 150w, https:\/\/www.sidwaya.info\/wp-content\/uploads\/2022\/03\/ph-bazie-696x522.jpg 696w, https:\/\/www.sidwaya.info\/wp-content\/uploads\/2022\/03\/ph-bazie-1068x801.jpg 1068w, https:\/\/www.sidwaya.info\/wp-content\/uploads\/2022\/03\/ph-bazie-1920x1440.jpg 1920w, https:\/\/www.sidwaya.info\/wp-content\/uploads\/2022\/03\/ph-bazie-560x420.jpg 560w, https:\/\/www.sidwaya.info\/wp-content\/uploads\/2022\/03\/ph-bazie-80x60.jpg 80w, https:\/\/www.sidwaya.info\/wp-content\/uploads\/2022\/03\/ph-bazie-265x198.jpg 265w, https:\/\/www.sidwaya.info\/wp-content\/uploads\/2022\/03\/ph-bazie-1320x990.jpg 1320w, https:\/\/www.sidwaya.info\/wp-content\/uploads\/2022\/03\/ph-bazie.jpg 2048w\" sizes=\"auto, (max-width: 696px) 100vw, 696px\"><\/p>\n<p>La plus jeune d\u00e9put\u00e9, Ratoussamba Zaongo d\u00e9sign\u00e9e pour si\u00e9ger \u00e0 l\u2019ALT a \u00e9t\u00e9 install\u00e9e dans ses fonctions de d\u00e9put\u00e9e et de secr\u00e9taire parlementaire.<\/p>\n<p>Une liste des candidats au poste de pr\u00e9sident de l\u2019ALT a \u00e9t\u00e9 soumise aux membres pour les votes. Il s\u2019agit de Mme Zarata Zoungrana, Aboubacar Toguyeni, Arouna Lour\u00e9, Moumouni Dialla.<\/p>\n<p><strong>\u00a0<\/strong><strong>La R\u00e9daction<\/strong><\/p>\n<p>L\u2019article <a rel=\"nofollow\" href=\"https:\/\/www.sidwaya.info\/blog\/2022\/03\/22\/assemblee-legislative-de-la-transition-les-deputes-ont-ete-installes\/\">Assembl\u00e9e l\u00e9gislative de la transition : Les d\u00e9put\u00e9s ont \u00e9t\u00e9 install\u00e9s.<\/a> est apparu en premier sur <a rel=\"nofollow\" href=\"https:\/\/www.sidwaya.info\/\">Quotidien Sidwaya<\/a>.<\/p>\n<\/div>\n<p>Auteur: Wamini SIDWAYA<br \/>\n<a href=\"https:\/\/www.sidwaya.info\/blog\/2022\/03\/22\/assemblee-legislative-de-la-transition-les-deputes-ont-ete-installes\/?utm_source=rss&#038;utm_medium=rss&#038;utm_campaign=assemblee-legislative-de-la-transition-les-deputes-ont-ete-installes\">Cliquez ici pour lire l&rsquo;article depuis sa source.<\/a><\/p>\n","protected":false},"excerpt":{"rendered":"<p>Les d\u00e9put\u00e9s de l\u2019Assembl\u00e9e Nationale de la Transition (ALT) ont \u00e9t\u00e9 officiellement install\u00e9s ce mardi 22 mars 2022. C\u2019est Jean Hubert Bazi\u00e9, le doyen d\u2019\u00e2ge des d\u00e9put\u00e9s qui a pr\u00e9sid\u00e9 la c\u00e9r\u00e9monie de validation du mandat des d\u00e9put\u00e9s \u00e0 l\u2019issue duquel le pr\u00e9sident de l\u2019Assembl\u00e9e L\u00e9gislative de transition devra \u00eatre \u00e9lu. La plus jeune d\u00e9put\u00e9, [&hellip;]<\/p>\n","protected":false},"author":1816,"featured_media":0,"comment_status":"closed","ping_status":"closed","sticky":false,"template":"","format":"standard","meta":{"fifu_image_url":"https:\/\/www.sidwaya.info\/wp-content\/uploads\/2022\/03\/ph-bazie-1024x768.jpg","fifu_image_alt":"Assembl\u00e9e l\u00e9gislative de la transition : Les d\u00e9put\u00e9s ont \u00e9t\u00e9 install\u00e9s.","footnotes":""},"categories":[73,81],"tags":[],"class_list":["post-143707","post","type-post","status-publish","format-standard","hentry","category-actualite","category-burkina-faso"],"_links":{"self":[{"href":"https:\/\/linitiative.ca\/International\/wp-json\/wp\/v2\/posts\/143707","targetHints":{"allow":["GET"]}}],"collection":[{"href":"https:\/\/linitiative.ca\/International\/wp-json\/wp\/v2\/posts"}],"about":[{"href":"https:\/\/linitiative.ca\/International\/wp-json\/wp\/v2\/types\/post"}],"author":[{"embeddable":true,"href":"https:\/\/linitiative.ca\/International\/wp-json\/wp\/v2\/users\/1816"}],"replies":[{"embeddable":true,"href":"https:\/\/linitiative.ca\/International\/wp-json\/wp\/v2\/comments?post=143707"}],"version-history":[{"count":0,"href":"https:\/\/linitiative.ca\/International\/wp-json\/wp\/v2\/posts\/143707\/revisions"}],"wp:attachment":[{"href":"https:\/\/linitiative.ca\/International\/wp-json\/wp\/v2\/media?parent=143707"}],"wp:term":[{"taxonomy":"category","embeddable":true,"href":"https:\/\/linitiative.ca\/International\/wp-json\/wp\/v2\/categories?post=143707"},{"taxonomy":"post_tag","embeddable":true,"href":"https:\/\/linitiative.ca\/International\/wp-json\/wp\/v2\/tags?post=143707"}],"curies":[{"name":"wp","href":"https:\/\/api.w.org\/{rel}","templated":true}]}}