{"id":143709,"date":"2022-03-22T11:27:45","date_gmt":"2022-03-22T15:27:45","guid":{"rendered":"https:\/\/linitiative.ca\/International\/assemblee-legislative-de-transition-le-candidat-du-centre-nord-sera-choisi-demain\/"},"modified":"2022-03-22T11:27:45","modified_gmt":"2022-03-22T15:27:45","slug":"assemblee-legislative-de-transition-le-candidat-du-centre-nord-sera-choisi-demain","status":"publish","type":"post","link":"https:\/\/linitiative.ca\/International\/assemblee-legislative-de-transition-le-candidat-du-centre-nord-sera-choisi-demain\/","title":{"rendered":"Assembl\u00e9e l\u00e9gislative de Transition : le candidat du Centre-Nord sera choisi demain"},"content":{"rendered":"<div>\n<p>Selon une note du gouverneur du Centre-Nord, Casimir Segueda, parvenue \u00e0 Sidwaya, une session \u00e0 huis clos exclusivement entre les neuf candidats sera tenue demain mercredi 23 mars 2022 dans la salle du gouvernorat du Centre-Nord, pour d\u00e9signer le repr\u00e9sentant r\u00e9gional devant si\u00e9ger \u00e0 l\u2019assembl\u00e9e l\u00e9gislative de la Transition (ALT).<\/p>\n<p>A l\u2019\u00e9couter, le tirage au sort sera in\u00e9vitable si toutefois les candidats ne parviendront pas \u00e0 trouver un terrain d\u2019entente.&lt;&lt;Le repr\u00e9sentant r\u00e9gional du Centre-Nord et son suppl\u00e9ant sera forc\u00e9ment designer demain s\u2019il pla\u00eet \u00e0 Dieu&gt;&gt;,\u00a0 a pr\u00e9venu le gouverneur S\u00e9gu\u00e9da.<\/p>\n<p>Le dimanche 20 mars dernier, au lendemain de la publication de la liste des 70 membres de l\u2019ALT, \u00e0 l\u2019exception de celui du Centre-Nord (non parvenu), le Naaba Koom, chef de canton du Sanmatenga, avait annonc\u00e9 sa d\u00e9mission dans le but de pr\u00e9server la coh\u00e9sion sociale et le vivre-ensemble entre les populations des trois provinces (Sanmatenga, Namentenga et Bam) du Centre-Nord.<\/p>\n<p>Pour joindre l\u2019acte a la parole, le souhait du gouverneur S\u00e9gu\u00e9da est que le Naaba Koom pr\u00e9side la c\u00e9r\u00e9monie de d\u00e9signation devant aboutir \u00e0 la d\u00e9signation du repr\u00e9sentant r\u00e9gional et son suppl\u00e9ant du Centre-Nord.<\/p>\n<p>Cette session, selon Casimir S\u00e9gu\u00e9da, se fera sans les supporters des candidats qui ont tir\u00e9 les ficelles de part et d\u2019autre lors de la rencontre de d\u00e9signation du repr\u00e9sentant r\u00e9gional qui a termin\u00e9 en queue de poisson.<\/p>\n<p>Emil Abdoul Razak SEGDA<\/p>\n<p>L\u2019article <a rel=\"nofollow\" href=\"https:\/\/www.sidwaya.info\/blog\/2022\/03\/22\/assemblee-legislative-de-transition-le-candidat-du-centre-nord-sera-choisi-demain\/\">Assembl\u00e9e l\u00e9gislative de Transition : le candidat du Centre-Nord sera choisi demain<\/a> est apparu en premier sur <a rel=\"nofollow\" href=\"https:\/\/www.sidwaya.info\/\">Quotidien Sidwaya<\/a>.<\/p>\n<\/div>\n<p>Auteur: BS. Sidwaya<br \/>\n<a href=\"https:\/\/www.sidwaya.info\/blog\/2022\/03\/22\/assemblee-legislative-de-transition-le-candidat-du-centre-nord-sera-choisi-demain\/?utm_source=rss&#038;utm_medium=rss&#038;utm_campaign=assemblee-legislative-de-transition-le-candidat-du-centre-nord-sera-choisi-demain\">Cliquez ici pour lire l&rsquo;article depuis sa source.<\/a><\/p>\n","protected":false},"excerpt":{"rendered":"<p>Selon une note du gouverneur du Centre-Nord, Casimir Segueda, parvenue \u00e0 Sidwaya, une session \u00e0 huis clos exclusivement entre les neuf candidats sera tenue demain mercredi 23 mars 2022 dans la salle du gouvernorat du Centre-Nord, pour d\u00e9signer le repr\u00e9sentant r\u00e9gional devant si\u00e9ger \u00e0 l\u2019assembl\u00e9e l\u00e9gislative de la Transition (ALT). A l\u2019\u00e9couter, le tirage au [&hellip;]<\/p>\n","protected":false},"author":1816,"featured_media":0,"comment_status":"closed","ping_status":"closed","sticky":false,"template":"","format":"standard","meta":{"fifu_image_url":"","fifu_image_alt":"","footnotes":""},"categories":[73,81],"tags":[],"class_list":["post-143709","post","type-post","status-publish","format-standard","hentry","category-actualite","category-burkina-faso"],"_links":{"self":[{"href":"https:\/\/linitiative.ca\/International\/wp-json\/wp\/v2\/posts\/143709","targetHints":{"allow":["GET"]}}],"collection":[{"href":"https:\/\/linitiative.ca\/International\/wp-json\/wp\/v2\/posts"}],"about":[{"href":"https:\/\/linitiative.ca\/International\/wp-json\/wp\/v2\/types\/post"}],"author":[{"embeddable":true,"href":"https:\/\/linitiative.ca\/International\/wp-json\/wp\/v2\/users\/1816"}],"replies":[{"embeddable":true,"href":"https:\/\/linitiative.ca\/International\/wp-json\/wp\/v2\/comments?post=143709"}],"version-history":[{"count":0,"href":"https:\/\/linitiative.ca\/International\/wp-json\/wp\/v2\/posts\/143709\/revisions"}],"wp:attachment":[{"href":"https:\/\/linitiative.ca\/International\/wp-json\/wp\/v2\/media?parent=143709"}],"wp:term":[{"taxonomy":"category","embeddable":true,"href":"https:\/\/linitiative.ca\/International\/wp-json\/wp\/v2\/categories?post=143709"},{"taxonomy":"post_tag","embeddable":true,"href":"https:\/\/linitiative.ca\/International\/wp-json\/wp\/v2\/tags?post=143709"}],"curies":[{"name":"wp","href":"https:\/\/api.w.org\/{rel}","templated":true}]}}