{"id":143712,"date":"2022-03-22T13:18:03","date_gmt":"2022-03-22T17:18:03","guid":{"rendered":"https:\/\/linitiative.ca\/International\/dakar-accueille-les-dialogues-du-centre-koffi-annan-de-maintien-de-la-paix\/"},"modified":"2022-03-22T13:18:03","modified_gmt":"2022-03-22T17:18:03","slug":"dakar-accueille-les-dialogues-du-centre-koffi-annan-de-maintien-de-la-paix","status":"publish","type":"post","link":"https:\/\/linitiative.ca\/International\/dakar-accueille-les-dialogues-du-centre-koffi-annan-de-maintien-de-la-paix\/","title":{"rendered":"Dakar accueille les dialogues du centre Koffi Annan de maintien de la paix"},"content":{"rendered":"<div>\n<p><img decoding=\"async\" width=\"239\" height=\"211\" src=\"https:\/\/linitiative.ca\/International\/wp-content\/uploads\/sites\/23\/2022\/03\/16479694832810.jpg\" class=\"attachment-post-thumbnail size-post-thumbnail wp-post-image\" alt=\"\" loading=\"lazy\"><\/p>\n<p>La conf\u00e9rence est ax\u00e9e sur le th\u00e8me \u00ab Contribuer \u00e0 la mise en \u0153uvre du Cadre de pr\u00e9vention des conflits de la CEDEAO : Promouvoir le partenariat avec les organisations de la soci\u00e9t\u00e9 civile dans le domaine de la paix et de la s\u00e9curit\u00e9 en Afrique de l&rsquo;Ouest \u00bb.Le Centre international Kofi Annan de formation au maintien de la paix (KAIPTC, sigle anglais), bas\u00e9 \u00e0 Accra (Ghana) tient dans la capitale s\u00e9n\u00e9galaise, Dakar, sa deuxi\u00e8me \u00e9dition de la s\u00e9rie de dialogues avec les parties prenantes en partenariat en collaboration avec le R\u00e9seau ouest Africain pour l&rsquo;Edification de la Paix (WANEP) et l&rsquo;Agence allemande de coop\u00e9ration internationale (GIZ).\u00a0<\/p>\n<p>En 2008, la Communaut\u00e9 \u00e9conomique des Etats de l&rsquo;Afrique de l&rsquo;Ouest (Cedeao) a adopt\u00e9 un Cadre de pr\u00e9vention des conflits (CPCC) qui sert de cadre strat\u00e9gique pour am\u00e9liorer la pr\u00e9vention des conflits et la s\u00e9curit\u00e9 des individus.\u00a0<\/p>\n<p>\u00ab Pour satisfaire les dispositions du CPCC, les organisations de la soci\u00e9t\u00e9 civile (OSC) constituent des acteurs cl\u00e9s qui ont un r\u00f4le essentiel \u00e0 jouer. \u00a0Ainsi, l&rsquo;objectif de la s\u00e9rie de dialogues est de cr\u00e9er un forum pour les OSC, les organisations nationales et internationales concern\u00e9es afin de dialoguer sur leurs r\u00f4les respectifs dans la mise en \u0153uvre du CPCC \u00bb, a dit le g\u00e9n\u00e9ral de Brigade, George Arko-Dadzie, commandant adjoint du KAIPTC<\/p>\n<p>Pour Aseye Nani, conseill\u00e8re technique au programme GIZ-KAIPTC, \u00ab la soci\u00e9t\u00e9 civile constitue l&rsquo;un des trois \u00e9l\u00e9ments essentiels d&rsquo;une nation et d&rsquo;une r\u00e9gion libres, avec des gouvernements repr\u00e9sentatifs et une \u00e9conomie qui fonctionne correctement \u00bb.<\/p>\n<p>\u00ab Le nombre croissant de coups d&rsquo;\u00c9tat militaires et de changements anticonstitutionnels en Afrique de l&rsquo;Ouest depuis 2019 constitue un d\u00e9fi important pour l&rsquo;ordre d\u00e9mocratique et le d\u00e9veloppement pacifique de la sous-r\u00e9gion. Le poids de l&rsquo;ins\u00e9curit\u00e9 en Afrique de l&rsquo;Ouest et dans la r\u00e9gion du Sahel reste une source de pr\u00e9occupation pour la bonne gouvernance r\u00e9gionale et les interventions ext\u00e9rieures, et c&rsquo;est l\u00e0 que la soci\u00e9t\u00e9 civile devrait jouer un r\u00f4le \u00bb, a dit Mme Nani.<\/p>\n<p>De l&rsquo;avis de sa directrice, le WANEP, en tant que membre de la soci\u00e9t\u00e9 civile, a jou\u00e9 un r\u00f4le central dans la r\u00e9solution des multiples d\u00e9fis auxquels la r\u00e9gion ouest-africaine est confront\u00e9e.\u00a0<\/p>\n<p>\u00ab Nous avons contribu\u00e9 \u00e0 modeler l&rsquo;architecture de s\u00e9curit\u00e9 r\u00e9gionale vers la pr\u00e9vention des conflits, la consolidation de la paix, la reconstruction post-conflit, l&rsquo;alerte pr\u00e9coce au niveau r\u00e9gional, la gouvernance et divers instruments de politique. Notre organisation a \u00e9galement collabor\u00e9 avec la Cedeao pour renforcer la r\u00e9silience des communaut\u00e9s et d\u00e9velopper les capacit\u00e9s \u00e0 r\u00e9pondre aux d\u00e9fis de paix et de s\u00e9curit\u00e9 auxquels la r\u00e9gion est confront\u00e9e \u00bb, a-t-elle dit.<\/p>\n<p>Cet article <a rel=\"nofollow\" href=\"https:\/\/www.journalducameroun.com\/dakar-accueille-les-dialogues-du-centre-koffi-annan-de-maintien-de-la-paix\/\">Dakar accueille les dialogues du centre Koffi Annan de maintien de la paix<\/a> est apparu en premier sur <a rel=\"nofollow\" href=\"https:\/\/www.journalducameroun.com\/\">Journal du Cameroun<\/a>.<\/p>\n<\/div>\n<p>Auteur: APA News<br \/>\n<a href=\"https:\/\/www.journalducameroun.com\/dakar-accueille-les-dialogues-du-centre-koffi-annan-de-maintien-de-la-paix\/\">Cliquez ici pour lire l&rsquo;article depuis sa source.<\/a><\/p>\n","protected":false},"excerpt":{"rendered":"<p>La conf\u00e9rence est ax\u00e9e sur le th\u00e8me \u00ab Contribuer \u00e0 la mise en \u0153uvre du Cadre de pr\u00e9vention des conflits de la CEDEAO : Promouvoir le partenariat avec les organisations de la soci\u00e9t\u00e9 civile dans le domaine de la paix et de la s\u00e9curit\u00e9 en Afrique de l&rsquo;Ouest \u00bb.Le Centre international Kofi Annan de formation [&hellip;]<\/p>\n","protected":false},"author":1965,"featured_media":0,"comment_status":"closed","ping_status":"closed","sticky":false,"template":"","format":"standard","meta":{"fifu_image_url":"https:\/\/www.journalducameroun.com\/wp-content\/uploads\/2022\/03\/16479694832810.jpg","fifu_image_alt":"Dakar accueille les dialogues du centre Koffi Annan de maintien de la paix","footnotes":""},"categories":[73,82],"tags":[],"class_list":["post-143712","post","type-post","status-publish","format-standard","hentry","category-actualite","category-cameroun"],"_links":{"self":[{"href":"https:\/\/linitiative.ca\/International\/wp-json\/wp\/v2\/posts\/143712","targetHints":{"allow":["GET"]}}],"collection":[{"href":"https:\/\/linitiative.ca\/International\/wp-json\/wp\/v2\/posts"}],"about":[{"href":"https:\/\/linitiative.ca\/International\/wp-json\/wp\/v2\/types\/post"}],"author":[{"embeddable":true,"href":"https:\/\/linitiative.ca\/International\/wp-json\/wp\/v2\/users\/1965"}],"replies":[{"embeddable":true,"href":"https:\/\/linitiative.ca\/International\/wp-json\/wp\/v2\/comments?post=143712"}],"version-history":[{"count":0,"href":"https:\/\/linitiative.ca\/International\/wp-json\/wp\/v2\/posts\/143712\/revisions"}],"wp:attachment":[{"href":"https:\/\/linitiative.ca\/International\/wp-json\/wp\/v2\/media?parent=143712"}],"wp:term":[{"taxonomy":"category","embeddable":true,"href":"https:\/\/linitiative.ca\/International\/wp-json\/wp\/v2\/categories?post=143712"},{"taxonomy":"post_tag","embeddable":true,"href":"https:\/\/linitiative.ca\/International\/wp-json\/wp\/v2\/tags?post=143712"}],"curies":[{"name":"wp","href":"https:\/\/api.w.org\/{rel}","templated":true}]}}