{"id":143714,"date":"2022-03-22T14:18:03","date_gmt":"2022-03-22T18:18:03","guid":{"rendered":"https:\/\/linitiative.ca\/International\/maroc-le-leadership-des-femmes-sinvite-a-laayoune\/"},"modified":"2022-03-22T14:18:03","modified_gmt":"2022-03-22T18:18:03","slug":"maroc-le-leadership-des-femmes-sinvite-a-laayoune","status":"publish","type":"post","link":"https:\/\/linitiative.ca\/International\/maroc-le-leadership-des-femmes-sinvite-a-laayoune\/","title":{"rendered":"Maroc : Le Leadership des femmes s\u2019invite \u00e0 La\u00e2youne"},"content":{"rendered":"<div>\n<p><img decoding=\"async\" width=\"1600\" height=\"1200\" src=\"https:\/\/linitiative.ca\/International\/wp-content\/uploads\/sites\/23\/2022\/03\/16479730834656.jpg\" class=\"attachment-post-thumbnail size-post-thumbnail wp-post-image\" alt=\"\" loading=\"lazy\" srcset=\"https:\/\/linitiative.ca\/International\/wp-content\/uploads\/sites\/23\/2022\/03\/16479730834656.jpg 1600w, https:\/\/www.journalducameroun.com\/wp-content\/uploads\/2022\/03\/16479730834656-300x225.jpg 300w, https:\/\/www.journalducameroun.com\/wp-content\/uploads\/2022\/03\/16479730834656-1024x768.jpg 1024w, https:\/\/www.journalducameroun.com\/wp-content\/uploads\/2022\/03\/16479730834656-768x576.jpg 768w, https:\/\/www.journalducameroun.com\/wp-content\/uploads\/2022\/03\/16479730834656-1536x1152.jpg 1536w, https:\/\/www.journalducameroun.com\/wp-content\/uploads\/2022\/03\/16479730834656-587x440.jpg 587w, https:\/\/www.journalducameroun.com\/wp-content\/uploads\/2022\/03\/16479730834656-600x450.jpg 600w\" sizes=\"auto, (max-width: 1600px) 100vw, 1600px\"><\/p>\n<p>Par Hicham Alaoui &#8212; Salle comble, atmosph\u00e8re festive, conviviale et chaleureuse, des femmes pionni\u00e8re venant de toutes les r\u00e9gions du Maroc, des pays arabes, africains et des Etats Unis d&rsquo;Am\u00e9rique \u00e9taient au rendez-vous ce mardi \u00e0 La\u00e2youne, pour prendre part Forum des femmes sahraouies, initi\u00e9 cette ann\u00e9e sous le th\u00e8me \u00ab\u00a0Leadership des femmes et autonomisation \u00e9conomique\u00a0\u00bb.Le sentiment des retrouvailles \u00e9tait l\u00e0 apr\u00e8s une p\u00e9riode de claustration et de pr\u00e9\u00e9minence des rencontres \u00e0 distance. Ceci a donn\u00e9 du baume au c\u0153ur pour les participantes qui consid\u00e8rent cette conf\u00e9rence comme une occasion propice pour renouer avec la vie normale.<\/p>\n<p>Cette rencontre se veut un espace pour promouvoir les coop\u00e9ratives f\u00e9minines et renforcer leur esprit d&rsquo;innovation dans le domaine de la valorisation des produits et commercialisation, notamment les coop\u00e9ratives op\u00e9rant dans les domaines de l&rsquo;agriculture, la p\u00eache et l&rsquo;artisanat.<\/p>\n<p>Mme Fatima Laili, pr\u00e9sidente du Forum des femmes sahraouies pour le D\u00e9veloppement et la D\u00e9mocratie, initiatrice de cet \u00e9v\u00e8nement, n&rsquo;a pas cach\u00e9 sa joie d&rsquo;avoir pu r\u00e9unir un gotha f\u00e9minin venant de plusieurs pays, soulignant que cette rencontre vise \u00e0 \u00e9changer entre les diff\u00e9rents femmes leaders, \u00e0 b\u00e9n\u00e9ficier des exp\u00e9riences des uns et des autres et \u00e0 tirer profit des bonnes pratiques en mati\u00e8re d&rsquo;autonomisation \u00e9conomique des femmes.<\/p>\n<p>Elle a form\u00e9 le v\u0153u que cette rencontre puisse d\u00e9boucher sur des recommandations pr\u00e9cises avec un calendrier r\u00e9alisable, en vue de permettre aux femmes marocaines en g\u00e9n\u00e9ral et aux femmes sahraouies en particulier, qu&rsquo;elles soient entrepreneures ou actives les coop\u00e9ratives, de mettre en valeur leurs comp\u00e9tences pour une renaissance \u00e9conomique et sociale et un d\u00e9veloppement durable.<\/p>\n<p>\u00ab Pour \u00eatre juste, il est in\u00e9vitable de dire que la r\u00e9alit\u00e9 des femmes dans notre pays a beaucoup chang\u00e9, m\u00eame si les changements sur le terrain se font \u00e0 un rythme lent coupl\u00e9 \u00e0 une mauvaise r\u00e9partition g\u00e9ographique \u00bb, a-t-elle relev\u00e9.<\/p>\n<p>Pour Mme Laili, le monde d&rsquo;aujourd&rsquo;hui a \u00e9t\u00e9 boulevers\u00e9 depuis l&rsquo;apparition du virus Covid-19 et sa propagation dans le monde, tuant des milliers de personnes. \u00ab Nous croyons fermement que l&rsquo;humanit\u00e9 a atteint une maturit\u00e9 qui la qualifie pour mieux comprendre son environnement, afin de renforcer les efforts de d\u00e9veloppement pour l&rsquo;\u00e8re post-Covid. Cette nouvelle donne n\u00e9cessite des m\u00e9canismes et des initiatives qui vont au-del\u00e0 des st\u00e9r\u00e9otypes et d\u00e9fient les obstacles sociologiques qui nous tirent encore arri\u00e8re \u00bb, a-t-elle soutenu.<\/p>\n<p>Et d&rsquo;ajouter que les soci\u00e9t\u00e9s arabes et africaines n&rsquo;accordent pas autant de valeur aux capacit\u00e9s des femmes \u00e0 participer \u00e0 la cr\u00e9ation des richesses et \u00e0 assumer des r\u00f4les de leadership et partant participer \u00e0 la prise de d\u00e9cision. Ceci, a-t-elle encha\u00een\u00e9, n\u00e9cessite des efforts concert\u00e9s pour surmonter les contraintes et les obstacles, car le succ\u00e8s de tout mod\u00e8le de d\u00e9veloppement d\u00e9pend d&rsquo;une r\u00e9elle int\u00e9gration des femmes dans tout le processus de d\u00e9veloppement. \u00ab Toute exclusion de la composante f\u00e9minine est in\u00e9vitablement un noyau s\u00fbr d&rsquo;\u00e9chec \u00bb, a pr\u00e9venu Mme Laili.<\/p>\n<p>Dans une d\u00e9claration APA, la s\u00e9n\u00e9galaise Toure Yaye Sioukeyna a soulign\u00e9 que ce Forum permettra d&rsquo;\u00e9change d&rsquo;opinions, d&rsquo;id\u00e9es et d&rsquo;exp\u00e9riences entre les forces f\u00e9minines afin de renforcer leur position et soutenir leur pr\u00e9sence en tant qu&rsquo;acteurs actifs et dynamiques impliqu\u00e9s dans les grands projets.<\/p>\n<p>Pour elle, cet \u00e9v\u00e8nement permettra aussi de sceller des partenariats entre les associations f\u00e9minines pour partager les exp\u00e9riences et les bonnes pratiques.<\/p>\n<p>M\u00eame son de cloche chez la pr\u00e9sidente du R\u00e9seau Paix et S\u00e9curit\u00e9 pour les Femmes de l&rsquo;Espace CEDEAO (REPSFECO), Mme Diago Ndiaye qui a relev\u00e9 que le d\u00e9veloppement et la d\u00e9mocratie sont indissociables. \u00ab On ne peut parler de d\u00e9veloppement sans parler de d\u00e9mocratie \u00bb, a-t-elle affirm\u00e9, soulignant que le leadership des femmes est \u00ab indispensable \u00bb pour le d\u00e9veloppement et la d\u00e9mocratie.<\/p>\n<p>Elle s&rsquo;est dit attendre \u00e0 des recommandations \u00ab tr\u00e8s fortes \u00bb de ce forum. \u00ab Comment explorer les moyens pour drainer des sources de financement, comment encadrer les femmes qui sont dans l&rsquo;entreprenariat et comment faire pour initier la jeune g\u00e9n\u00e9ration pour qu&rsquo;elle puisse assurer la rel\u00e8ve \u00bb, autant de recommandations que doivent, selon Mme Ndiaye, figurer parmi les recommandations.<\/p>\n<p>Pour rappel, le REPSFECO a pour objectif de coordonner et d&rsquo;optimiser les r\u00f4les et initiatives des femmes dans la pr\u00e9vention des conflits, le maintien de la paix et de la s\u00e9curit\u00e9, les op\u00e9rations de reconstruction post-conflit et la promotion des droits humains, particuli\u00e8rement ceux des femmes et autres groupes vuln\u00e9rables, pour assurer une paix durable au sein de la Communaut\u00e9 Economiques des Etats de l&rsquo;Afrique de l&rsquo;Ouest (CEDEAO).<\/p>\n<p>Au programme de ce Forum, l&rsquo;inauguration d&rsquo;une exposition de produits des coop\u00e9ratives locales ainsi qu&rsquo;une soir\u00e9e po\u00e9tique et une autre artistique.<\/p>\n<p>Cet article <a rel=\"nofollow\" href=\"https:\/\/www.journalducameroun.com\/maroc-le-leadership-des-femmes-sinvite-a-laayoune\/\">Maroc : Le Leadership des femmes s\u2019invite \u00e0 La\u00e2youne<\/a> est apparu en premier sur <a rel=\"nofollow\" href=\"https:\/\/www.journalducameroun.com\/\">Journal du Cameroun<\/a>.<\/p>\n<\/div>\n<p>Auteur: APA News<br \/>\n<a href=\"https:\/\/www.journalducameroun.com\/maroc-le-leadership-des-femmes-sinvite-a-laayoune\/\">Cliquez ici pour lire l&rsquo;article depuis sa source.<\/a><\/p>\n","protected":false},"excerpt":{"rendered":"<p>Par Hicham Alaoui &#8212; Salle comble, atmosph\u00e8re festive, conviviale et chaleureuse, des femmes pionni\u00e8re venant de toutes les r\u00e9gions du Maroc, des pays arabes, africains et des Etats Unis d&rsquo;Am\u00e9rique \u00e9taient au rendez-vous ce mardi \u00e0 La\u00e2youne, pour prendre part Forum des femmes sahraouies, initi\u00e9 cette ann\u00e9e sous le th\u00e8me \u00ab\u00a0Leadership des femmes et autonomisation [&hellip;]<\/p>\n","protected":false},"author":1965,"featured_media":0,"comment_status":"closed","ping_status":"closed","sticky":false,"template":"","format":"standard","meta":{"fifu_image_url":"https:\/\/www.journalducameroun.com\/wp-content\/uploads\/2022\/03\/16479730834656.jpg","fifu_image_alt":"Maroc : Le Leadership des femmes s\u2019invite \u00e0 La\u00e2youne","footnotes":""},"categories":[73,82],"tags":[],"class_list":["post-143714","post","type-post","status-publish","format-standard","hentry","category-actualite","category-cameroun"],"_links":{"self":[{"href":"https:\/\/linitiative.ca\/International\/wp-json\/wp\/v2\/posts\/143714","targetHints":{"allow":["GET"]}}],"collection":[{"href":"https:\/\/linitiative.ca\/International\/wp-json\/wp\/v2\/posts"}],"about":[{"href":"https:\/\/linitiative.ca\/International\/wp-json\/wp\/v2\/types\/post"}],"author":[{"embeddable":true,"href":"https:\/\/linitiative.ca\/International\/wp-json\/wp\/v2\/users\/1965"}],"replies":[{"embeddable":true,"href":"https:\/\/linitiative.ca\/International\/wp-json\/wp\/v2\/comments?post=143714"}],"version-history":[{"count":0,"href":"https:\/\/linitiative.ca\/International\/wp-json\/wp\/v2\/posts\/143714\/revisions"}],"wp:attachment":[{"href":"https:\/\/linitiative.ca\/International\/wp-json\/wp\/v2\/media?parent=143714"}],"wp:term":[{"taxonomy":"category","embeddable":true,"href":"https:\/\/linitiative.ca\/International\/wp-json\/wp\/v2\/categories?post=143714"},{"taxonomy":"post_tag","embeddable":true,"href":"https:\/\/linitiative.ca\/International\/wp-json\/wp\/v2\/tags?post=143714"}],"curies":[{"name":"wp","href":"https:\/\/api.w.org\/{rel}","templated":true}]}}