{"id":143716,"date":"2022-03-22T15:18:03","date_gmt":"2022-03-22T19:18:03","guid":{"rendered":"https:\/\/linitiative.ca\/International\/leau-nest-pas-suffisamment-dans-lagenda-politique-mondial-expert\/"},"modified":"2022-03-22T15:18:03","modified_gmt":"2022-03-22T19:18:03","slug":"leau-nest-pas-suffisamment-dans-lagenda-politique-mondial-expert","status":"publish","type":"post","link":"https:\/\/linitiative.ca\/International\/leau-nest-pas-suffisamment-dans-lagenda-politique-mondial-expert\/","title":{"rendered":"\u00ab L\u2019eau n\u2019est pas suffisamment dans l\u2019agenda politique mondial \u00bb (expert)"},"content":{"rendered":"<div>\n<p><img decoding=\"async\" width=\"1280\" height=\"960\" src=\"https:\/\/linitiative.ca\/International\/wp-content\/uploads\/sites\/23\/2022\/03\/16479766838995.jpg\" class=\"attachment-post-thumbnail size-post-thumbnail wp-post-image\" alt=\"\" loading=\"lazy\" srcset=\"https:\/\/linitiative.ca\/International\/wp-content\/uploads\/sites\/23\/2022\/03\/16479766838995.jpg 1280w, https:\/\/www.journalducameroun.com\/wp-content\/uploads\/2022\/03\/16479766838995-300x225.jpg 300w, https:\/\/www.journalducameroun.com\/wp-content\/uploads\/2022\/03\/16479766838995-1024x768.jpg 1024w, https:\/\/www.journalducameroun.com\/wp-content\/uploads\/2022\/03\/16479766838995-768x576.jpg 768w, https:\/\/www.journalducameroun.com\/wp-content\/uploads\/2022\/03\/16479766838995-587x440.jpg 587w, https:\/\/www.journalducameroun.com\/wp-content\/uploads\/2022\/03\/16479766838995-600x450.jpg 600w\" sizes=\"auto, (max-width: 1280px) 100vw, 1280px\"><\/p>\n<p>Philippe Gu\u00e9ttier, Conseiller aupr\u00e8s du Partenariat Fran\u00e7ais pour l&rsquo;Eau (PFE), dans un entretien accord\u00e9 \u00e0 APA en marge du Forum mondial de l&rsquo;eau abrit\u00e9 par le S\u00e9n\u00e9gal, estime que l&rsquo;heure n&rsquo;est plus au discours, mais \u00e0 l&rsquo;action.Le Forum mondial de l&rsquo;eau est organis\u00e9 tous les trois ans depuis 1997 pour une meilleure gestion de la ressource. Pour autant, y-a-t-il une prise de conscience collective ?\u00a0<\/p>\n<p>Sur la terre, il y a toujours la m\u00eame quantit\u00e9 d&rsquo;eau. C&rsquo;est une constante. Par contre, les activit\u00e9s humaines ont modifi\u00e9, pour tout un tas de raisons, la capacit\u00e9 de capter cette eau. Avec le changement climatique, les modifications sont encore plus visibles dans certaines r\u00e9gions du monde y compris le Sahel.<\/p>\n<p>L&rsquo;eau n&rsquo;est pas suffisamment dans l&rsquo;agenda politique mondial. Il y a un exemple qui le montre. En mars 2023, il y aura \u00e0 New-York, aux \u00c9tats-Unis, une conf\u00e9rence organis\u00e9e par les Nations Unies sur l&rsquo;eau et les Objectifs de D\u00e9veloppement Durable (ODD). La pr\u00e9c\u00e9dente a eu lieu \u00e0 Mar del Plata, en Argentine, en 1977.<\/p>\n<p>Le traitement de l&rsquo;eau est un \u00e9chec au niveau des Nations Unies. Les \u00c9tats se sont empar\u00e9s de la question du climat avec l&rsquo;Accord de Paris (France). Il faut maintenant le faire pour l&rsquo;eau. Dans les Forums mondiaux de l&rsquo;eau, il y a notamment des \u00e9changes de connaissances et des partenariats. Toutefois, ils ne peuvent pas remplacer les conf\u00e9rences des Nations Unies au cours desquelles les pays s&rsquo;engagent \u00e0 agir.<\/p>\n<p>Les r\u00e9flexions de Dakar pourront \u00eatre utiles dans un an lors de la Conf\u00e9rence des Nations Unies. Au niveau local, on constate que \u00e7a bouge. C&rsquo;est un bon signal, mais il faut vraiment un accord global sur les questions li\u00e9es \u00e0 l&rsquo;eau.<\/p>\n<p>En 2030, les Objectifs de D\u00e9veloppement Durable (ODD) des Nations Unies seront \u00e9valu\u00e9s. Pour le volet 6 concernant l&rsquo;eau et l&rsquo;assainissement, o\u00f9 en est-on\u00a0?<\/p>\n<p>Dans le monde, il y a aujourd&rsquo;hui 2,1 milliards d&rsquo;individus qui n&rsquo;ont pas acc\u00e8s \u00e0 l&rsquo;eau potable. C&rsquo;est un tiers de l&rsquo;humanit\u00e9. Il y a aussi 4,5 milliards de personnes qui n&rsquo;ont pas acc\u00e8s \u00e0 l&rsquo;assainissement. C&rsquo;est la moiti\u00e9 de la population mondiale.<\/p>\n<p>L&rsquo;acc\u00e8s \u00e0 l&rsquo;eau et \u00e0 l&rsquo;assainissement est un droit international reconnu en 2010. Ce n&rsquo;est pas suffisant. Tel que le monde est parti, les Objectifs de D\u00e9veloppement Durable (ODD) ne seront jamais atteints en 2030. Il faut plus d&rsquo;investissements et une r\u00e9elle volont\u00e9 politique. Un grand big bang. C&rsquo;est tout le sens du Forum mondial de l&rsquo;eau \u00e0 Dakar.<\/p>\n<p>On doit trouver le juste \u00e9quilibre entre l&rsquo;eau pour la consommation humaine, l&rsquo;industrie et l&rsquo;agriculture, etc. Dans les pays o\u00f9 l&rsquo;on manque d&rsquo;eau, on ne doit pas avoir des cultures qui en consomment beaucoup. On peut \u00e9galement utiliser les technologies qui permettent une rationalisation de la ressource comme le goutte \u00e0 goutte.<\/p>\n<p>Le Partenariat Fran\u00e7ais pour l&rsquo;Eau (PFE) a con\u00e7u une application dont le but est d&rsquo;acc\u00e9l\u00e9rer la mise en \u0153uvre de projets en lien avec les Objectifs de D\u00e9veloppement Durable (ODD). Comment \u00e7a fonctionne\u00a0?<\/p>\n<p>L&rsquo;application s&rsquo;appelle Water for all SDGs (L&rsquo;eau pour tous les Objectifs de D\u00e9veloppement Durable, en fran\u00e7ais). Elle a \u00e9t\u00e9 lanc\u00e9e ce mardi dans le cadre de la 9e \u00e9dition du Forum mondial de l&rsquo;eau. Pour le moment, l&rsquo;application est disponible en fran\u00e7ais et anglais. D&rsquo;ici quelques semaines ou mois, elle sera disponible dans d&rsquo;autres langues.<\/p>\n<p>Water for all SDGs permet \u00e0 une organisation, une personne qui d\u00e9veloppe un projet, une politique ou une strat\u00e9gie d&rsquo;identifier les impacts (positifs et n\u00e9gatifs) par rapport aux 17 Objectifs de D\u00e9veloppement Durable (ODD).<\/p>\n<p>Elle est tr\u00e8s simple d&rsquo;utilisation. Il faut juste r\u00e9pondre \u00e0 des questions sp\u00e9cifiques et appuyer sur l&rsquo;option r\u00e9sultat. Les donn\u00e9es du projet fournies sont aussit\u00f4t analys\u00e9es pour \u00e9valuer leurs impacts sur tous les ODD qui sont finalement peu connus et peu utilis\u00e9s.<\/p>\n<p>On parle g\u00e9n\u00e9ralement de 17 objectifs, mais en fait il y en a 169 chiffr\u00e9s pour la plupart. L&rsquo;id\u00e9e de la cr\u00e9ation de cette application, c&rsquo;est d&rsquo;aider les maitres d&rsquo;ouvrages, les porteurs de projets\u2026 \u00e0 savoir s&rsquo;ils peuvent contribuer \u00e0 l&rsquo;agenda 2030.<\/p>\n<p>Cet article <a rel=\"nofollow\" href=\"https:\/\/www.journalducameroun.com\/leau-nest-pas-suffisamment-dans-lagenda-politique-mondial-expert\/\">\u00ab L\u2019eau n\u2019est pas suffisamment dans l\u2019agenda politique mondial \u00bb (expert)<\/a> est apparu en premier sur <a rel=\"nofollow\" href=\"https:\/\/www.journalducameroun.com\/\">Journal du Cameroun<\/a>.<\/p>\n<\/div>\n<p>Auteur: APA News<br \/>\n<a href=\"https:\/\/www.journalducameroun.com\/leau-nest-pas-suffisamment-dans-lagenda-politique-mondial-expert\/\">Cliquez ici pour lire l&rsquo;article depuis sa source.<\/a><\/p>\n","protected":false},"excerpt":{"rendered":"<p>Philippe Gu\u00e9ttier, Conseiller aupr\u00e8s du Partenariat Fran\u00e7ais pour l&rsquo;Eau (PFE), dans un entretien accord\u00e9 \u00e0 APA en marge du Forum mondial de l&rsquo;eau abrit\u00e9 par le S\u00e9n\u00e9gal, estime que l&rsquo;heure n&rsquo;est plus au discours, mais \u00e0 l&rsquo;action.Le Forum mondial de l&rsquo;eau est organis\u00e9 tous les trois ans depuis 1997 pour une meilleure gestion de la [&hellip;]<\/p>\n","protected":false},"author":1965,"featured_media":0,"comment_status":"closed","ping_status":"closed","sticky":false,"template":"","format":"standard","meta":{"fifu_image_url":"https:\/\/www.journalducameroun.com\/wp-content\/uploads\/2022\/03\/16479766838995.jpg","fifu_image_alt":"\u00ab L\u2019eau n\u2019est pas suffisamment dans l\u2019agenda politique mondial \u00bb (expert)","footnotes":""},"categories":[73,82],"tags":[],"class_list":["post-143716","post","type-post","status-publish","format-standard","hentry","category-actualite","category-cameroun"],"_links":{"self":[{"href":"https:\/\/linitiative.ca\/International\/wp-json\/wp\/v2\/posts\/143716","targetHints":{"allow":["GET"]}}],"collection":[{"href":"https:\/\/linitiative.ca\/International\/wp-json\/wp\/v2\/posts"}],"about":[{"href":"https:\/\/linitiative.ca\/International\/wp-json\/wp\/v2\/types\/post"}],"author":[{"embeddable":true,"href":"https:\/\/linitiative.ca\/International\/wp-json\/wp\/v2\/users\/1965"}],"replies":[{"embeddable":true,"href":"https:\/\/linitiative.ca\/International\/wp-json\/wp\/v2\/comments?post=143716"}],"version-history":[{"count":0,"href":"https:\/\/linitiative.ca\/International\/wp-json\/wp\/v2\/posts\/143716\/revisions"}],"wp:attachment":[{"href":"https:\/\/linitiative.ca\/International\/wp-json\/wp\/v2\/media?parent=143716"}],"wp:term":[{"taxonomy":"category","embeddable":true,"href":"https:\/\/linitiative.ca\/International\/wp-json\/wp\/v2\/categories?post=143716"},{"taxonomy":"post_tag","embeddable":true,"href":"https:\/\/linitiative.ca\/International\/wp-json\/wp\/v2\/tags?post=143716"}],"curies":[{"name":"wp","href":"https:\/\/api.w.org\/{rel}","templated":true}]}}