{"id":143718,"date":"2022-03-22T17:18:03","date_gmt":"2022-03-22T21:18:03","guid":{"rendered":"https:\/\/linitiative.ca\/International\/sahara-lespagne-satisfaite-du-nouveau-cadre-de-relations-avec-le-maroc\/"},"modified":"2022-03-22T17:18:03","modified_gmt":"2022-03-22T21:18:03","slug":"sahara-lespagne-satisfaite-du-nouveau-cadre-de-relations-avec-le-maroc","status":"publish","type":"post","link":"https:\/\/linitiative.ca\/International\/sahara-lespagne-satisfaite-du-nouveau-cadre-de-relations-avec-le-maroc\/","title":{"rendered":"Sahara : l\u2019Espagne \u00ab\u00a0satisfaite\u00a0\u00bb du nouveau cadre de relations avec le Maroc"},"content":{"rendered":"<div>\n<p><img decoding=\"async\" width=\"780\" height=\"468\" src=\"https:\/\/linitiative.ca\/International\/wp-content\/uploads\/sites\/23\/2022\/03\/16479838831908.jpg\" class=\"attachment-post-thumbnail size-post-thumbnail wp-post-image\" alt=\"\" loading=\"lazy\" srcset=\"https:\/\/linitiative.ca\/International\/wp-content\/uploads\/sites\/23\/2022\/03\/16479838831908.jpg 780w, https:\/\/www.journalducameroun.com\/wp-content\/uploads\/2022\/03\/16479838831908-300x180.jpg 300w, https:\/\/www.journalducameroun.com\/wp-content\/uploads\/2022\/03\/16479838831908-768x461.jpg 768w, https:\/\/www.journalducameroun.com\/wp-content\/uploads\/2022\/03\/16479838831908-733x440.jpg 733w, https:\/\/www.journalducameroun.com\/wp-content\/uploads\/2022\/03\/16479838831908-600x360.jpg 600w\" sizes=\"auto, (max-width: 780px) 100vw, 780px\"><\/p>\n<p>Le gouvernement espagnol, qui consid\u00e8re l&rsquo;initiative marocaine d&rsquo;autonomie comme \u00ab\u00a0la base la plus s\u00e9rieuse, r\u00e9aliste et cr\u00e9dible pour la r\u00e9solution du diff\u00e9rend\u00a0\u00bb au sujet du Sahara, est \u00ab\u00a0satisfait\u00a0\u00bb des conclusions du nouveau cadre des relations avec le Maroc, a affirm\u00e9, mardi, la porte-parole du gouvernement espagnol, Isabel Rodriguez.\u00a0\u00bbNous entamons une nouvelle \u00e9tape de nos relations avec le Maroc. Le plus important est de se tourner vers l&rsquo;avenir et de ne pas revenir sur le pass\u00e9. Nous sommes satisfaits de cet accord, qui signifie le r\u00e9tablissement des relations diplomatiques avec un pays voisin et strat\u00e9gique pour l&rsquo;Espagne\u00a0\u00bb, a soulign\u00e9 Mme Rodriguez lors d&rsquo;un point de presse, au terme de la r\u00e9union du Conseil des ministres.<\/p>\n<p>Ce nouveau cadre des relations bilat\u00e9rales, qui consid\u00e8re l&rsquo;initiative marocaine d&rsquo;autonomie comme \u00ab\u00a0la base la plus r\u00e9aliste pour une solution\u00a0\u00bb \u00e0 la question du Sahara, est \u00ab\u00a0une bonne nouvelle pour l&rsquo;Espagne\u00a0\u00bb, a insist\u00e9 la responsable espagnole, pr\u00e9cisant que le gouvernement \u00ab\u00a0veille \u00e0 l&rsquo;int\u00e9r\u00eat g\u00e9n\u00e9ral du pays\u00a0\u00bb.<\/p>\n<p>\u00ab\u00a0Pr\u00e9server de bonnes relations avec le Maroc rev\u00eat une tr\u00e8s grande importance pour nous\u00a0\u00bb, a fait observer la porte-parole du gouvernement espagnol, assurant que \u00ab\u00a0le Maroc est un alli\u00e9 strat\u00e9gique avec lequel nous entretenons des liens humains, historiques, g\u00e9ographiques et \u00e9conomiques\u00a0\u00bb.<\/p>\n<p>Dans un message adress\u00e9 au Roi Mohammed VI, le pr\u00e9sident du gouvernement espagnol, Pedro S\u00e1nchez a soulign\u00e9 que \u00ab\u00a0l&rsquo;Espagne consid\u00e8re l&rsquo;Initiative marocaine d&rsquo;autonomie comme la base la plus s\u00e9rieuse, r\u00e9aliste et cr\u00e9dible pour la r\u00e9solution du diff\u00e9rend\u00a0\u00bb au sujet du Sahara.<\/p>\n<p>Cet article <a rel=\"nofollow\" href=\"https:\/\/www.journalducameroun.com\/sahara-lespagne-satisfaite-du-nouveau-cadre-de-relations-avec-le-maroc\/\">Sahara : l\u2019Espagne \u00ab\u00a0satisfaite\u00a0\u00bb du nouveau cadre de relations avec le Maroc<\/a> est apparu en premier sur <a rel=\"nofollow\" href=\"https:\/\/www.journalducameroun.com\/\">Journal du Cameroun<\/a>.<\/p>\n<\/div>\n<p>Auteur: APA News<br \/>\n<a href=\"https:\/\/www.journalducameroun.com\/sahara-lespagne-satisfaite-du-nouveau-cadre-de-relations-avec-le-maroc\/\">Cliquez ici pour lire l&rsquo;article depuis sa source.<\/a><\/p>\n","protected":false},"excerpt":{"rendered":"<p>Le gouvernement espagnol, qui consid\u00e8re l&rsquo;initiative marocaine d&rsquo;autonomie comme \u00ab\u00a0la base la plus s\u00e9rieuse, r\u00e9aliste et cr\u00e9dible pour la r\u00e9solution du diff\u00e9rend\u00a0\u00bb au sujet du Sahara, est \u00ab\u00a0satisfait\u00a0\u00bb des conclusions du nouveau cadre des relations avec le Maroc, a affirm\u00e9, mardi, la porte-parole du gouvernement espagnol, Isabel Rodriguez.\u00a0\u00bbNous entamons une nouvelle \u00e9tape de nos relations [&hellip;]<\/p>\n","protected":false},"author":1965,"featured_media":0,"comment_status":"closed","ping_status":"closed","sticky":false,"template":"","format":"standard","meta":{"fifu_image_url":"https:\/\/www.journalducameroun.com\/wp-content\/uploads\/2022\/03\/16479838831908.jpg","fifu_image_alt":"Sahara : l\u2019Espagne \u00ab\u00a0satisfaite\u00a0\u00bb du nouveau cadre de relations avec le Maroc","footnotes":""},"categories":[73,82],"tags":[],"class_list":["post-143718","post","type-post","status-publish","format-standard","hentry","category-actualite","category-cameroun"],"_links":{"self":[{"href":"https:\/\/linitiative.ca\/International\/wp-json\/wp\/v2\/posts\/143718","targetHints":{"allow":["GET"]}}],"collection":[{"href":"https:\/\/linitiative.ca\/International\/wp-json\/wp\/v2\/posts"}],"about":[{"href":"https:\/\/linitiative.ca\/International\/wp-json\/wp\/v2\/types\/post"}],"author":[{"embeddable":true,"href":"https:\/\/linitiative.ca\/International\/wp-json\/wp\/v2\/users\/1965"}],"replies":[{"embeddable":true,"href":"https:\/\/linitiative.ca\/International\/wp-json\/wp\/v2\/comments?post=143718"}],"version-history":[{"count":0,"href":"https:\/\/linitiative.ca\/International\/wp-json\/wp\/v2\/posts\/143718\/revisions"}],"wp:attachment":[{"href":"https:\/\/linitiative.ca\/International\/wp-json\/wp\/v2\/media?parent=143718"}],"wp:term":[{"taxonomy":"category","embeddable":true,"href":"https:\/\/linitiative.ca\/International\/wp-json\/wp\/v2\/categories?post=143718"},{"taxonomy":"post_tag","embeddable":true,"href":"https:\/\/linitiative.ca\/International\/wp-json\/wp\/v2\/tags?post=143718"}],"curies":[{"name":"wp","href":"https:\/\/api.w.org\/{rel}","templated":true}]}}