{"id":143720,"date":"2022-03-22T17:18:03","date_gmt":"2022-03-22T21:18:03","guid":{"rendered":"https:\/\/linitiative.ca\/International\/le-president-de-la-banque-mondiale-en-visite-au-maroc-mercredi\/"},"modified":"2022-03-22T17:18:03","modified_gmt":"2022-03-22T21:18:03","slug":"le-president-de-la-banque-mondiale-en-visite-au-maroc-mercredi","status":"publish","type":"post","link":"https:\/\/linitiative.ca\/International\/le-president-de-la-banque-mondiale-en-visite-au-maroc-mercredi\/","title":{"rendered":"Le pr\u00e9sident de la Banque mondiale en visite au Maroc mercredi\u00a0"},"content":{"rendered":"<div>\n<p><img decoding=\"async\" width=\"780\" height=\"468\" src=\"https:\/\/linitiative.ca\/International\/wp-content\/uploads\/sites\/23\/2022\/03\/16479838845864.jpg\" class=\"attachment-post-thumbnail size-post-thumbnail wp-post-image\" alt=\"\" loading=\"lazy\" srcset=\"https:\/\/linitiative.ca\/International\/wp-content\/uploads\/sites\/23\/2022\/03\/16479838845864.jpg 780w, https:\/\/www.journalducameroun.com\/wp-content\/uploads\/2022\/03\/16479838845864-300x180.jpg 300w, https:\/\/www.journalducameroun.com\/wp-content\/uploads\/2022\/03\/16479838845864-768x461.jpg 768w, https:\/\/www.journalducameroun.com\/wp-content\/uploads\/2022\/03\/16479838845864-733x440.jpg 733w, https:\/\/www.journalducameroun.com\/wp-content\/uploads\/2022\/03\/16479838845864-600x360.jpg 600w\" sizes=\"auto, (max-width: 780px) 100vw, 780px\"><\/p>\n<p>Le Pr\u00e9sident du groupe de la Banque mondiale, David Malpass, se rendra \u00e0 Casablanca et Rabat le mercredi 23 mars 2022, pour une visite de deux jours, a annonc\u00e9 l&rsquo;institution dans un communiqu\u00e9.\u00a0<\/p>\n<p>Il s&rsquo;agit de son premier voyage au Maroc en tant que Pr\u00e9sident de la Banque mondiale.<\/p>\n<p>Au programme, des rencontres avec de hauts responsables et des repr\u00e9sentants du secteur priv\u00e9.<\/p>\n<p>Durant sa visite, David Malpass sera accompagn\u00e9 de Ferid Belhaj, Vice-Pr\u00e9sident de la Banque mondiale pour la r\u00e9gion Moyen-Orient et Afrique du Nord, de Jesko Hentschel, Directeur pays pour le Maghreb et Malte \u00e0 la Banque mondiale et de Xavier Reille, Directeur de la Soci\u00e9t\u00e9 financi\u00e8re internationale (IFC) pour le Maghreb.<\/p>\n<p>Le portefeuille actif de la Banque mondiale au Maroc comprend 20 projets de la Banque internationale pour la reconstruction et le d\u00e9veloppement (BIRD) pour un total de 5,2 milliards de dollars. Au cours de la derni\u00e8re ann\u00e9e fiscale, la Banque mondiale a engag\u00e9 un montant global record de 1,8 milliard de dollars, faisant du Maroc l&rsquo;un des plus importants b\u00e9n\u00e9ficiaires. Au cours de l&rsquo;ann\u00e9e civile 2021, la Soci\u00e9t\u00e9 financi\u00e8re internationale a investi 447 millions de dollars au Maroc.<\/p>\n<p>Cet article <a rel=\"nofollow\" href=\"https:\/\/www.journalducameroun.com\/le-president-de-la-banque-mondiale-en-visite-au-maroc-mercredi\/\">Le pr\u00e9sident de la Banque mondiale en visite au Maroc mercredi\u00a0<\/a> est apparu en premier sur <a rel=\"nofollow\" href=\"https:\/\/www.journalducameroun.com\/\">Journal du Cameroun<\/a>.<\/p>\n<\/div>\n<p>Auteur: APA News<br \/>\n<a href=\"https:\/\/www.journalducameroun.com\/le-president-de-la-banque-mondiale-en-visite-au-maroc-mercredi\/\">Cliquez ici pour lire l&rsquo;article depuis sa source.<\/a><\/p>\n","protected":false},"excerpt":{"rendered":"<p>Le Pr\u00e9sident du groupe de la Banque mondiale, David Malpass, se rendra \u00e0 Casablanca et Rabat le mercredi 23 mars 2022, pour une visite de deux jours, a annonc\u00e9 l&rsquo;institution dans un communiqu\u00e9.\u00a0 Il s&rsquo;agit de son premier voyage au Maroc en tant que Pr\u00e9sident de la Banque mondiale. Au programme, des rencontres avec de [&hellip;]<\/p>\n","protected":false},"author":1965,"featured_media":0,"comment_status":"closed","ping_status":"closed","sticky":false,"template":"","format":"standard","meta":{"fifu_image_url":"https:\/\/www.journalducameroun.com\/wp-content\/uploads\/2022\/03\/16479838845864.jpg","fifu_image_alt":"Le pr\u00e9sident de la Banque mondiale en visite au Maroc mercredi\u00a0","footnotes":""},"categories":[73,82],"tags":[],"class_list":["post-143720","post","type-post","status-publish","format-standard","hentry","category-actualite","category-cameroun"],"_links":{"self":[{"href":"https:\/\/linitiative.ca\/International\/wp-json\/wp\/v2\/posts\/143720","targetHints":{"allow":["GET"]}}],"collection":[{"href":"https:\/\/linitiative.ca\/International\/wp-json\/wp\/v2\/posts"}],"about":[{"href":"https:\/\/linitiative.ca\/International\/wp-json\/wp\/v2\/types\/post"}],"author":[{"embeddable":true,"href":"https:\/\/linitiative.ca\/International\/wp-json\/wp\/v2\/users\/1965"}],"replies":[{"embeddable":true,"href":"https:\/\/linitiative.ca\/International\/wp-json\/wp\/v2\/comments?post=143720"}],"version-history":[{"count":0,"href":"https:\/\/linitiative.ca\/International\/wp-json\/wp\/v2\/posts\/143720\/revisions"}],"wp:attachment":[{"href":"https:\/\/linitiative.ca\/International\/wp-json\/wp\/v2\/media?parent=143720"}],"wp:term":[{"taxonomy":"category","embeddable":true,"href":"https:\/\/linitiative.ca\/International\/wp-json\/wp\/v2\/categories?post=143720"},{"taxonomy":"post_tag","embeddable":true,"href":"https:\/\/linitiative.ca\/International\/wp-json\/wp\/v2\/tags?post=143720"}],"curies":[{"name":"wp","href":"https:\/\/api.w.org\/{rel}","templated":true}]}}