{"id":143725,"date":"2022-03-22T10:22:44","date_gmt":"2022-03-22T14:22:44","guid":{"rendered":"https:\/\/linitiative.ca\/International\/cooperation-bilaterale-le-cameroun-et-lafrique-du-sud-veulent-booster-leurs-echanges-commerciaux\/"},"modified":"2022-03-22T10:22:44","modified_gmt":"2022-03-22T14:22:44","slug":"cooperation-bilaterale-le-cameroun-et-lafrique-du-sud-veulent-booster-leurs-echanges-commerciaux","status":"publish","type":"post","link":"https:\/\/linitiative.ca\/International\/cooperation-bilaterale-le-cameroun-et-lafrique-du-sud-veulent-booster-leurs-echanges-commerciaux\/","title":{"rendered":"Coop\u00e9ration bilat\u00e9rale\u00a0: le Cameroun et l\u2019Afrique du Sud veulent booster leurs \u00e9changes commerciaux"},"content":{"rendered":"<div>\n<p>Les relations bilat\u00e9rales entre le Cameroun et l\u2019Afrique du Sud \u00e9taient au centre des discussions entre le Minepat, Alamine Ousmane Mey, et la charg\u00e9e d\u2019affaires du Haut-commissariat d\u2019Afrique du Sud au Cameroun, Mepha Makhosazana. C\u2019\u00e9tait au cours d\u2019une audience que lui a accord\u00e9e le Minepat le lunid 21 mars 2022.<\/p>\n<p>En effet, selon Madame Bekolo Dorothy Tataw, directeur de l\u2019int\u00e9gration r\u00e9gionale au Minepat \u00ab\u00a0les \u00e9changes ont essentiellement port\u00e9 sur l\u2019am\u00e9lioration de la coop\u00e9ration bilat\u00e9rale entre le Cameroun et l\u2019Afrique du Sud. Comme vous le savez tous on a d\u00e9j\u00e0 une entreprise Sud-africaine au Cameroun qui est MTN. Il est question d\u2019am\u00e9liorer les infrastructures, apporter des am\u00e9liorations dans le domaine de l\u2019agriculture, de l\u2019\u00e9nergie, des transports parce qu\u2019ils ont une exp\u00e9rience a partag\u00e9e et nous aussi\u00a0\u00bb. Le volet commercial n\u2019\u00e9tait pas en reste dans ces \u00e9changes comme le confirme Mepha Makhosazana\u00a0: \u00ab\u00a0Le contenu de nos \u00e9changes avec le ministre portait essentiellement sur le commerce bilat\u00e9ral, particuli\u00e8rement sur comment booster les \u00e9changes commerciaux entre le Cameroun et l\u2019Afrique du Sud.\u00a0\u00bb<\/p>\n<p><strong>Lire aussi<\/strong> : <strong><a href=\"https:\/\/ecomatin.net\/apres-une-levee-de-fonds-de-68-milliards-la-fintech-sud-africaine-jumo-depose-ses-valises-au-cameroun\/\">Apr\u00e8s une lev\u00e9e de fonds de 68 milliards, la fintech sud-africaine Jumo d\u00e9pose ses valises au Cameroun<\/a><\/strong><\/p>\n<p>Pour ce faire donc, les deux partenaires ont identifi\u00e9 les secteurs prioritaires sur lesquels vont s\u2019appesantir leurs relations\u00a0: l\u2019agriculture, les t\u00e9l\u00e9communications, les infrastructures routi\u00e8res ferroviaires, notamment. \u00ab\u00a0Il y a sans aucun doute des axes de partenariat qui doivent \u00eatre am\u00e9lior\u00e9s, \u00a0il y a des points d\u2019int\u00e9r\u00eat \u00a0commun \u00a0qui doivent \u00eatre pris en compte dont des points positifs entre les deux pays en mati\u00e8re d\u2019\u00e9changes commerciaux\u00a0\u00bb, rench\u00e9rit Mepha Makhosazana.<\/p>\n<p>C\u00f4t\u00e9 camerounais, \u00ab\u00a0nous avons beaucoup de choses que nous pouvons attendre de l\u2019Afrique du Sud, nous avons par exemple les transports que nous devons am\u00e9liorer, le chemin de fer qui peuvent \u00eatre fait en partenariat public-priv\u00e9 (PPP) et ils ont certainement une grande exp\u00e9rience\u00a0\u00bb, confie que Bekolo Dorothy Tataw. De plus, la partie camerounaise envisage \u00e9galement de renforcer ses exportations en direction de l\u2019Afrique du Sud.<\/p>\n<p><strong>Lire aussi<\/strong> : <strong><a href=\"https:\/\/ecomatin.net\/filiere-porcine-le-cameroun-honore-en-afrique-du-sud\/\">Fili\u00e8re porcine : le Cameroun honor\u00e9 en Afrique du Sud<\/a><\/strong><\/p>\n<p>C\u2019est dans cette lanc\u00e9e de redynamiser ses \u00e9changes que la charg\u00e9e d\u2019affaires au Haut-Commissariat d\u2019Afrique du Sud au Cameroun, a annonc\u00e9 l\u2019arriv\u00e9e prochaine d\u2019une d\u00e9l\u00e9gation d\u2019investisseurs sud-africains pour des \u00e9changes d\u2019affaires.<\/p>\n<p>Il convient d\u2019indiquer que les \u00e9changes commerciaux entre le Cameroun et l\u2019Afrique du Sud, se chiffraient \u00e0 environ 50 milliards de FCFA au cours de l\u2019ann\u00e9e 2017. L\u2019information a \u00e9t\u00e9 rendue publique lors d\u2019un forum \u00e9conomique entre les deux pays en juin 2017. De plus, \u00e0 cette p\u00e9riode, le Cameroun avait export\u00e9 vers l\u2019Afrique du Sud des produits, pour un peu plus de 30 milliards de FCFA, contre seulement environ 20 milliards de FCFA pour les exportations sud-africaines en direction du Cameroun.<\/p>\n<p><strong>Lire aussi<\/strong> : <strong><a href=\"https:\/\/ecomatin.net\/industrialisation-la-societe-stbm-veut-creer-une-unite-de-transformation-de-bois-dans-la-region-du-sud\/\">Industrialisation : la soci\u00e9t\u00e9 Stbm veut cr\u00e9er une unit\u00e9 de transformation de bois dans la r\u00e9gion du Sud<\/a><\/strong><\/p>\n<p>L\u2019article <a rel=\"nofollow\" href=\"https:\/\/ecomatin.net\/cooperation-bilaterale-le-cameroun-n-et-lafrique-du-sud-veulent-booster-leurs-echanges-commerciaux\/\">Coop\u00e9ration bilat\u00e9rale\u00a0: le Cameroun et l\u2019Afrique du Sud veulent booster leurs \u00e9changes commerciaux<\/a> est apparu en premier sur <a rel=\"nofollow\" href=\"https:\/\/ecomatin.net\/\">EcoMatin<\/a>.<\/p>\n<\/div>\n<p>Auteur: Cindy MBALA<br \/>\n<a href=\"https:\/\/ecomatin.net\/cooperation-bilaterale-le-cameroun-n-et-lafrique-du-sud-veulent-booster-leurs-echanges-commerciaux\/\">Cliquez ici pour lire l&rsquo;article depuis sa source.<\/a><\/p>\n","protected":false},"excerpt":{"rendered":"<p>Les relations bilat\u00e9rales entre le Cameroun et l\u2019Afrique du Sud \u00e9taient au centre des discussions entre le Minepat, Alamine Ousmane Mey, et la charg\u00e9e d\u2019affaires du Haut-commissariat d\u2019Afrique du Sud au Cameroun, Mepha Makhosazana. C\u2019\u00e9tait au cours d\u2019une audience que lui a accord\u00e9e le Minepat le lunid 21 mars 2022. En effet, selon Madame Bekolo [&hellip;]<\/p>\n","protected":false},"author":1969,"featured_media":0,"comment_status":"closed","ping_status":"closed","sticky":false,"template":"","format":"standard","meta":{"fifu_image_url":"","fifu_image_alt":"","footnotes":""},"categories":[82,78],"tags":[],"class_list":["post-143725","post","type-post","status-publish","format-standard","hentry","category-cameroun","category-economie"],"_links":{"self":[{"href":"https:\/\/linitiative.ca\/International\/wp-json\/wp\/v2\/posts\/143725","targetHints":{"allow":["GET"]}}],"collection":[{"href":"https:\/\/linitiative.ca\/International\/wp-json\/wp\/v2\/posts"}],"about":[{"href":"https:\/\/linitiative.ca\/International\/wp-json\/wp\/v2\/types\/post"}],"author":[{"embeddable":true,"href":"https:\/\/linitiative.ca\/International\/wp-json\/wp\/v2\/users\/1969"}],"replies":[{"embeddable":true,"href":"https:\/\/linitiative.ca\/International\/wp-json\/wp\/v2\/comments?post=143725"}],"version-history":[{"count":0,"href":"https:\/\/linitiative.ca\/International\/wp-json\/wp\/v2\/posts\/143725\/revisions"}],"wp:attachment":[{"href":"https:\/\/linitiative.ca\/International\/wp-json\/wp\/v2\/media?parent=143725"}],"wp:term":[{"taxonomy":"category","embeddable":true,"href":"https:\/\/linitiative.ca\/International\/wp-json\/wp\/v2\/categories?post=143725"},{"taxonomy":"post_tag","embeddable":true,"href":"https:\/\/linitiative.ca\/International\/wp-json\/wp\/v2\/tags?post=143725"}],"curies":[{"name":"wp","href":"https:\/\/api.w.org\/{rel}","templated":true}]}}