{"id":143726,"date":"2022-03-22T11:02:07","date_gmt":"2022-03-22T15:02:07","guid":{"rendered":"https:\/\/linitiative.ca\/International\/journee-mondiale-de-leau-les-ong-plaident-pour-la-fin-des-privatisations-de-leau-en-afrique\/"},"modified":"2022-03-22T11:02:07","modified_gmt":"2022-03-22T15:02:07","slug":"journee-mondiale-de-leau-les-ong-plaident-pour-la-fin-des-privatisations-de-leau-en-afrique","status":"publish","type":"post","link":"https:\/\/linitiative.ca\/International\/journee-mondiale-de-leau-les-ong-plaident-pour-la-fin-des-privatisations-de-leau-en-afrique\/","title":{"rendered":"Journ\u00e9e mondiale de l\u2019eau\u00a0: les ONG plaident pour la fin des privatisations de l\u2019eau en Afrique"},"content":{"rendered":"<div>\n<p>Ce 22 mars 2022, se c\u00e9l\u00e8bre la journ\u00e9e mondiale de l\u2019eau, sous le th\u00e8me\u00a0\u00ab Les eaux souterraines : rendre visible l\u2019invisible \u00bb. Cette c\u00e9l\u00e9bration est coupl\u00e9e \u00e0 la tenue, \u00e0 Dakar au S\u00e9n\u00e9gal, du 9<sup>e<\/sup>\u00a0forum mondial de l\u2019eau dont le th\u00e8me est \u00ab\u00a0la s\u00e9curit\u00e9 de l\u2019eau pour la paix et le d\u00e9veloppement\u00a0\u00bb. A cette occasion, le pr\u00e9sident du Groupe de la Banque mondiale, David Malpass, est en visite officielle au S\u00e9n\u00e9gal et en Afrique de l\u2019Ouest et centrale. Durant son s\u00e9jour de deux jours, il doit\u00a0\u00a0rencontrer le pr\u00e9sident de la R\u00e9publique du S\u00e9n\u00e9gal, Macky Sall, et visiter divers projets financ\u00e9s par le Groupe de la Banque mondiale.<\/p>\n<p><strong>Lire aussi<\/strong> : <strong><a href=\"https:\/\/ecomatin.net\/en-2022-camwater-va-doter-20-villes-de-stations-deau-potable\/\">En 2022, Camwater va doter 20 villes de stations d\u2019eau potable<\/a><\/strong><\/p>\n<p>La c\u00e9l\u00e9bration de cette journ\u00e9e remet au go\u00fbt du jour la probl\u00e9matique de la gratuit\u00e9 et de l\u2019accessibilit\u00e9 de cette ressource naturelle (selon les Nations Unies\u00a0En Afrique subsaharienne, seulement 24% de la population a acc\u00e8s \u00e0 une source s\u00fbre d\u2019eau potable et les installations sanitaires de base).\u00a0En effet, l\u2019on observe que des multinationales s\u2019accaparent les points d\u2019eau en Afrique dont ils transforment le produit pour la vente \u00e0 des populations qui la consommaient gratuitement avant leur arriv\u00e9e. Dans une Afrique o\u00f9 le revenu moyen par habitant est de 1\u00a0289 dollars par an, selon les donn\u00e9es de la Banque mondiale (revenu national ajust\u00e9 par habitant), les populations n\u2019auront donc pas les moyens pour obtenir une eau de \u00ab\u00a0bonne qualit\u00e9\u00a0\u00bb \u00e0 1,34 euros, soit 878 Fcfa la bouteille d\u2019un litre et demi (le prix indiqu\u00e9 ici est le prix le plus haut en Afrique du Sud ndlr). D\u00e8s lors, elles sont oblig\u00e9es de se r\u00e9fugier dans les ressources disponibles, sources de maladies. Indiquons que pour l\u2019Afrique seule,\u00a0320 millions de personnes n\u2019ont toujours pas acc\u00e8s \u00e0 de l\u2019eau potable r\u00e9pondant aux normes d\u2019hygi\u00e8ne de base. Et ce manque d\u2019eau serait\u00a0\u00a0responsable de 70 \u00e0 80 % des maladies sur le continent.<\/p>\n<p><strong>Solutions<\/strong><\/p>\n<p>Face au commerce de l\u2019eau qui a le vent en poupe sur le continent, des Organisations non-gouvernementales (ONG) ont pris sur elles de plaider pour un acc\u00e8s \u00e9quitable de l\u2019eau. C\u2019est le cas de la coalition Our Water Our Right Africa (Oworac), pour qui \u00ab\u00a0le processus de privatisation de l\u2019eau est une autre forme de colonialisme\u00a0\u00bb. Pour soutenir son propos, la coalition a publi\u00e9 lors de la Semaine africaine d\u2019action contre la privatisation de l\u2019eau\u00a0\u00a0tenue du 10 au 15 octobre 2021, \u00ab\u00a0Africa Must Rise and Resist Water Privatisation\u00a0\u00bb. Une publication dans laquelle elle soutient que\u00a0la privatisation du secteur de l\u2019eau, y compris celles soutenues par la Banque Mondiale, menacent encore des vies, des moyens de subsistance, la s\u00e9curit\u00e9 alimentaire, la culture, la sant\u00e9, l\u2019\u00e9ducation, et l\u2019int\u00e9grit\u00e9 des environnements naturels en Afrique. Ceci avec des exemples \u00e0 l\u2019appui d\u2019\u00e9checs de privatisation sur le continent parmi lesquels le Cameroun, o\u00f9 le gouvernement s\u2019est retir\u00e9 d\u2019un accord de privatisation.\u00a0\u00ab Dans l\u2019esprit de la comm\u00e9moration de la Journ\u00e9e Mondiale de l\u2019eau 2022, il est imp\u00e9ratif que les gouvernements africains soient vigilants et refusent de se faire le bouc \u00e9missaire \u00e0 mettre en p\u00e9ril les droits de leurs citoyens et satisfaire la cupidit\u00e9 des\u00a0\u2018mastodontes\u2019 de l\u2019eau.\u00a0Alors que les cadres et financiers priv\u00e9s de l\u2019eau arrivent sur le continent pour le Forum Mondial de l\u2019eau, nous nous rappelons les h\u00e9ritages du colonialisme inh\u00e9rents \u00e0 l\u2019ordre mondial actuel. Nous ne sommes pas en 1884, l\u2019Afrique n\u2019est pas \u00e0 vendre.\u00a0\u00bb a d\u00e9clar\u00e9\u00a0<strong>Akinbode Oluwafemi de Corporate Accountability &amp; Public Participation Africa (CAPPA) a d\u00e9clar\u00e9 au nom de l\u2019OWORAC.<\/strong><\/p>\n<p><strong>Lire aussi<\/strong> : <strong><a href=\"https:\/\/ecomatin.net\/duel-hispano-belge-pour-la-reconfiguration-du-systeme-deau-de-yaounde\/\">Duel hispano-belge pour la reconfiguration du syst\u00e8me d\u2019eau de Yaound\u00e9<\/a><\/strong><\/p>\n<p><strong>Pour Younoussa Abbosouka du Centre Africain pour le plaidoyer,\u00a0<\/strong>\u00ab les conflits entre les entit\u00e9s g\u00e9rant l\u2019eau publique et les dysfonctionnements ne sont pas le fruit du hasard de la mauvaise gouvernance ou de la corruption. C\u2019est intentionnel. Pour les grandes entreprises de l\u2019eau, cela justifie la lib\u00e9ralisation et la possibilit\u00e9 de faire avancer leur programme de privatisation. Il estime que la lutte contre la privatisation de l\u2019eau, l\u2019aust\u00e9rit\u00e9, le n\u00e9olib\u00e9ralisme et la corruption dans le secteur de l\u2019eau, et la lutte pour le droit humain \u00e0 l\u2019eau sont intimement li\u00e9es\u00a0\u00bb a-t-il d\u00e9clar\u00e9.<\/p>\n<p>De plus en guise de solutions l\u2019Oworac et d\u2019autres militants participant au Forum alternatif mondial de l\u2019eau appellent \u00e9galement les gouvernements et les repr\u00e9sentants publics \u00e0 cesser d\u2019utiliser le mod\u00e8le n\u00e9olib\u00e9ral de recouvrement int\u00e9gral des co\u00fbts pour les services d\u2019eau et \u00e0 rompre les liens avec les entreprises qui cherchent \u00e0 tirer des b\u00e9n\u00e9fices de l\u2019eau et \u00e0 placer l\u2019eau sous des syst\u00e8mes et des institutions d\u00e9mocratiques.\u00a0\u00ab Nous rejetons toutes les formes de contr\u00f4le de l\u2019eau par les entreprises et de privatisation des services d\u2019eau, y compris par le biais de soi-disant partenariats public-priv\u00e9. La privatisation enrichit certains responsables gouvernementaux et multinationales et contribue en m\u00eame temps \u00e0 propager la pauvret\u00e9 au sein de la majorit\u00e9 de la population \u00bb s\u2019est exprim\u00e9\u00a0<strong>Ewoukem du Syndicat National Autonome des Travailleurs de l\u2019Energie, de l\u2019Eau et des Mines du Cameroun.<\/strong><\/p>\n<p>Pour rappel, la coalition Our Water Our Right Africa (Oworac) est compos\u00e9e d\u2019activistes du Cameroun, du Gabon, du Ghana, du Kenya, du Mozambique, du Nig\u00e9ria, du S\u00e9n\u00e9gal et de l\u2019Ouganda, travaillant en collaboration pour repousser cette nouvelle forme de colonialisme.<\/p>\n<p><strong>Lire aussi<\/strong> : <strong><a href=\"https:\/\/ecomatin.net\/le-producteur-deau-minerale-semc-annonce-une-hausse-de-ses-ventes-de-109-en-2021\/\">Le Producteur d\u2019eau min\u00e9rale SEMC annonce une hausse de ses ventes de 10,9% en 2021<\/a><\/strong><\/p>\n<p>L\u2019article <a rel=\"nofollow\" href=\"https:\/\/ecomatin.net\/journee-mondiale-de-leau-les-ong-plaident-pour-la-fin-des-privatisations-de-leau-en-afrique\/\">Journ\u00e9e mondiale de l\u2019eau\u00a0: les ONG plaident pour la fin des privatisations de l\u2019eau en Afrique<\/a> est apparu en premier sur <a rel=\"nofollow\" href=\"https:\/\/ecomatin.net\/\">EcoMatin<\/a>.<\/p>\n<\/div>\n<p>Auteur: Cindy MBALA<br \/>\n<a href=\"https:\/\/ecomatin.net\/journee-mondiale-de-leau-les-ong-plaident-pour-la-fin-des-privatisations-de-leau-en-afrique\/\">Cliquez ici pour lire l&rsquo;article depuis sa source.<\/a><\/p>\n","protected":false},"excerpt":{"rendered":"<p>Ce 22 mars 2022, se c\u00e9l\u00e8bre la journ\u00e9e mondiale de l\u2019eau, sous le th\u00e8me\u00a0\u00ab Les eaux souterraines : rendre visible l\u2019invisible \u00bb. Cette c\u00e9l\u00e9bration est coupl\u00e9e \u00e0 la tenue, \u00e0 Dakar au S\u00e9n\u00e9gal, du 9e\u00a0forum mondial de l\u2019eau dont le th\u00e8me est \u00ab\u00a0la s\u00e9curit\u00e9 de l\u2019eau pour la paix et le d\u00e9veloppement\u00a0\u00bb. A cette occasion, [&hellip;]<\/p>\n","protected":false},"author":1969,"featured_media":0,"comment_status":"closed","ping_status":"closed","sticky":false,"template":"","format":"standard","meta":{"fifu_image_url":"","fifu_image_alt":"","footnotes":""},"categories":[82,78],"tags":[],"class_list":["post-143726","post","type-post","status-publish","format-standard","hentry","category-cameroun","category-economie"],"_links":{"self":[{"href":"https:\/\/linitiative.ca\/International\/wp-json\/wp\/v2\/posts\/143726","targetHints":{"allow":["GET"]}}],"collection":[{"href":"https:\/\/linitiative.ca\/International\/wp-json\/wp\/v2\/posts"}],"about":[{"href":"https:\/\/linitiative.ca\/International\/wp-json\/wp\/v2\/types\/post"}],"author":[{"embeddable":true,"href":"https:\/\/linitiative.ca\/International\/wp-json\/wp\/v2\/users\/1969"}],"replies":[{"embeddable":true,"href":"https:\/\/linitiative.ca\/International\/wp-json\/wp\/v2\/comments?post=143726"}],"version-history":[{"count":0,"href":"https:\/\/linitiative.ca\/International\/wp-json\/wp\/v2\/posts\/143726\/revisions"}],"wp:attachment":[{"href":"https:\/\/linitiative.ca\/International\/wp-json\/wp\/v2\/media?parent=143726"}],"wp:term":[{"taxonomy":"category","embeddable":true,"href":"https:\/\/linitiative.ca\/International\/wp-json\/wp\/v2\/categories?post=143726"},{"taxonomy":"post_tag","embeddable":true,"href":"https:\/\/linitiative.ca\/International\/wp-json\/wp\/v2\/tags?post=143726"}],"curies":[{"name":"wp","href":"https:\/\/api.w.org\/{rel}","templated":true}]}}