{"id":143727,"date":"2022-03-23T09:52:55","date_gmt":"2022-03-23T13:52:55","guid":{"rendered":"https:\/\/linitiative.ca\/International\/elargissement-de-la-couverture-medicale-les-exigences-du-nouveau-modele-de-developpement\/"},"modified":"2022-03-23T09:52:55","modified_gmt":"2022-03-23T13:52:55","slug":"elargissement-de-la-couverture-medicale-les-exigences-du-nouveau-modele-de-developpement","status":"publish","type":"post","link":"https:\/\/linitiative.ca\/International\/elargissement-de-la-couverture-medicale-les-exigences-du-nouveau-modele-de-developpement\/","title":{"rendered":"Elargissement de la couverture m\u00e9dicale: Les exigences du nouveau mod\u00e8le de d\u00e9veloppement"},"content":{"rendered":"<div>\n<p><img loading=\"lazy\" decoding=\"async\" width=\"300\" height=\"153\" src=\"https:\/\/linitiative.ca\/International\/wp-content\/uploads\/sites\/23\/2022\/03\/Hopital-Sante-Maladies-300x153-1.jpg\" class=\"attachment-medium size-medium wp-post-image\" alt=\"\" srcset=\"https:\/\/linitiative.ca\/International\/wp-content\/uploads\/sites\/23\/2022\/03\/Hopital-Sante-Maladies-300x153-1.jpg 300w, https:\/\/aujourdhui.ma\/wp-content\/uploads\/2019\/05\/Hopital-Sante-Maladies.jpg 746w\" sizes=\"auto, (max-width: 300px) 100vw, 300px\"><\/p>\n<p><span style=\"font-size: 20px; color: #800000;\"><strong>La Commission pr\u00e9conise d\u2019augmenter les capacit\u00e9s de formation de m\u00e9decins en renfor\u00e7ant les capacit\u00e9s des Centres hospitaliers universitaires (CHU) et facult\u00e9s actuels (publics et priv\u00e9s). L\u2019id\u00e9e \u00e9tant que l\u2019ensemble des r\u00e9gions du Royaume disposent d\u2019une offre de formation (CHU et facult\u00e9).<\/strong><\/span><span id=\"more-403245\"><\/span><\/p>\n<p>Assurer un socle de protection sociale qui renforce la r\u00e9silience, l\u2019inclusion et mat\u00e9rialise la solidarit\u00e9 entre citoyens est l\u2019une des recommandations phares \u00e9mises dans le cadre de la conceptualisation du nouveau mod\u00e8le de d\u00e9veloppement. Le mod\u00e8le vise, en effet, \u00e0 \u00e9largir le champ de la couverture sant\u00e9 \u00e0 travers l\u2019int\u00e9gration des professions lib\u00e9rales, des auto-entrepreneurs, des travailleurs domestiques, et du petit informel (commer\u00e7ants, artisans, agriculteurs) dans des r\u00e9gimes de cotisation, et en luttant contre la fraude sociale. Une orientation motiv\u00e9e par les difficult\u00e9s d\u2019acc\u00e8s au syst\u00e8me de soins qui continuent \u00e0 persister et ce en d\u00e9pit de l\u2019\u00e9largissement de la couverture sanitaire AMO et Ramed. Ces difficult\u00e9s r\u00e9sultent de la faiblesse des ressources budg\u00e9taires allou\u00e9es au secteur de la sant\u00e9 et du taux d\u2019encadrement m\u00e9dical tr\u00e8s en de\u00e7\u00e0 des normes \u00e9tablies par l\u2019OMS. En chiffres, 38% de la population marocaine est d\u00e9pourvue de couverture m\u00e9dicale et les m\u00e9nages assurent en moyenne 50% des d\u00e9penses de sant\u00e9. Dans son rapport, la Commission sp\u00e9ciale sur le mod\u00e8le de d\u00e9veloppement (CSMD) avait r\u00e9v\u00e9l\u00e9 les nombreuses attentes des citoyens du secteur. Les Marocains exigent d\u00e9sormais une offre de soins de qualit\u00e9 accessible \u00e0 tous en termes de co\u00fbt et de proximit\u00e9. Ainsi, la g\u00e9n\u00e9ralisation de la couverture sanitaire est per\u00e7ue comme un droit fondamental.<\/p>\n<p>Le rapport de la Commission sp\u00e9ciale a mis l\u2019accent sur les nouveaux paradigmes \u00e0 tenir en compte dans le cadre de ce chantier. L\u2019imp\u00e9ratif \u00e9tant de renforcer l\u2019offre globale de soins en vue de mieux r\u00e9pondre \u00e0 la demande des 12 millions de Marocains qui seront int\u00e9gr\u00e9s. \u00abLa refonte de l\u2019organisation territoriale du syst\u00e8me de sant\u00e9 et l\u2019optimisation du parcours de soins s\u2019av\u00e8rent n\u00e9cessaires pour r\u00e9duire la distance et les d\u00e9lais d\u2019acc\u00e8s aux structures de soins, et pour r\u00e9sorber les \u00e9carts entre territoires\u00bb, peut-on retenir dans ce sens. Et de poursuivre que \u00able renforcement de l\u2019offre de soins suppose \u00e9galement une forte am\u00e9lioration de la densit\u00e9 de personnel soignant sur l\u2019ensemble du territoire, et un pilotage efficace de l\u2019offre de soins, notamment au niveau r\u00e9gional\u00bb. Parmi les objectifs d\u00e9termin\u00e9s dans ce sens, on cite l\u2019atteinte d\u2019une densit\u00e9 de personnel soignant de 4,5 pour 1.000 habitants en 2035 contre 2 pour 1.000 \u00e0 ce jour, soit 3.600 m\u00e9decins et 7.100 infirmiers form\u00e9s annuellement. Pour ce faire, la Commission pr\u00e9conise d\u2019augmenter les capacit\u00e9s de formation de m\u00e9decins en renfor\u00e7ant les capacit\u00e9s des Centres hospitaliers universitaires (CHU) et facult\u00e9s actuels (publics et priv\u00e9s).<\/p>\n<p>L\u2019id\u00e9e \u00e9tant que l\u2019ensemble des r\u00e9gions du Royaume disposent d\u2019une offre de formation (CHU et facult\u00e9). Il est \u00e9galement recommand\u00e9 de r\u00e9duire la dur\u00e9e de formation g\u00e9n\u00e9raliste en allouant certains enseignements aux formations sp\u00e9cialis\u00e9es. Les recommandations de la Commission portent \u00e9galement sur le recrutement r\u00e9gional des m\u00e9decins \u00e0 travers des ouvertures de postes qui tiennent compte des besoins locaux. Cette d\u00e9marche permettra d\u2019assurer un acc\u00e8s \u00e9quitable aux soins sur l\u2019ensemble du territoire. Dans l\u2019optique de valoriser les m\u00e9tiers de la sant\u00e9, il est, \u00e9galement, propos\u00e9 de mettre en place un statut particulier pour les professionnels de sant\u00e9 permettant de r\u00e9viser le r\u00e9gime de r\u00e9mun\u00e9ration \u00e0 la hausse et de l\u2019indexer sur la qualit\u00e9 et le rendement.<\/p>\n<p>\u00abA terme, ce syst\u00e8me devrait aboutir \u00e0 une homog\u00e9n\u00e9isation des sch\u00e9mas de r\u00e9mun\u00e9ration des personnels de sant\u00e9 dans le public et le priv\u00e9 et r\u00e9sorber les distorsions actuelles qui ne favorisent pas la motivation du personnel de sant\u00e9 au sein de l\u2019h\u00f4pital public\u00bb, peut-on retenir du rapport de la Commission sp\u00e9ciale sur le nouveau mod\u00e8le de d\u00e9veloppement. Le financement p\u00e9renne de la protection sociale figure \u00e9galement dans le cadre des propositions \u00e9mises dans ce sens. Une recommandation valable aussi bien pour la composante assurance que pour la composante solidarit\u00e9. Il est \u00e0 souligner que le Nouveau mod\u00e8le de d\u00e9veloppement appelle \u00e0 une r\u00e9forme de la gouvernance des caisses d\u2019assurances sociale, et ce dans le sens d\u2019une caisse unifi\u00e9e pour la couverture m\u00e9dicale de base et une caisse unifi\u00e9e pour les retraites. Une convergence qui devrait s\u2019accompagner d\u2019une harmonisation des niveaux de cotisations et des prestations. Le but \u00e9tant d\u2019assurer l\u2019\u00e9quit\u00e9 entre assur\u00e9s et les \u00e9quilibres financiers de ces caisses. Notons que la caisse unique de couverture m\u00e9dicale de base et la caisse unifi\u00e9e des retraites pourront, selon le nouveau mod\u00e8le de d\u00e9veloppement, \u00eatre compl\u00e9t\u00e9es par des compl\u00e9mentaires souscrites \u00e0 titre priv\u00e9.<\/p>\n<\/div>\n<p>Auteur: Kawtar Tali<br \/>\n<a href=\"https:\/\/aujourdhui.ma\/societe\/elargissement-de-la-couverture-medicale-les-exigences-du-nouveau-modele-de-developpement\">Cliquez ici pour lire l&rsquo;article depuis sa source.<\/a><\/p>\n","protected":false},"excerpt":{"rendered":"<p>La Commission pr\u00e9conise d\u2019augmenter les capacit\u00e9s de formation de m\u00e9decins en renfor\u00e7ant les capacit\u00e9s des Centres hospitaliers universitaires (CHU) et facult\u00e9s actuels (publics et priv\u00e9s). L\u2019id\u00e9e \u00e9tant que l\u2019ensemble des r\u00e9gions du Royaume disposent d\u2019une offre de formation (CHU et facult\u00e9). Assurer un socle de protection sociale qui renforce la r\u00e9silience, l\u2019inclusion et mat\u00e9rialise la [&hellip;]<\/p>\n","protected":false},"author":1759,"featured_media":0,"comment_status":"closed","ping_status":"closed","sticky":false,"template":"","format":"standard","meta":{"fifu_image_url":"https:\/\/aujourdhui.ma\/wp-content\/uploads\/2019\/05\/Hopital-Sante-Maladies-300x153.jpg","fifu_image_alt":"Elargissement de la couverture m\u00e9dicale: Les exigences du nouveau mod\u00e8le de d\u00e9veloppement","footnotes":""},"categories":[73,54],"tags":[],"class_list":["post-143727","post","type-post","status-publish","format-standard","hentry","category-actualite","category-maroc"],"_links":{"self":[{"href":"https:\/\/linitiative.ca\/International\/wp-json\/wp\/v2\/posts\/143727","targetHints":{"allow":["GET"]}}],"collection":[{"href":"https:\/\/linitiative.ca\/International\/wp-json\/wp\/v2\/posts"}],"about":[{"href":"https:\/\/linitiative.ca\/International\/wp-json\/wp\/v2\/types\/post"}],"author":[{"embeddable":true,"href":"https:\/\/linitiative.ca\/International\/wp-json\/wp\/v2\/users\/1759"}],"replies":[{"embeddable":true,"href":"https:\/\/linitiative.ca\/International\/wp-json\/wp\/v2\/comments?post=143727"}],"version-history":[{"count":0,"href":"https:\/\/linitiative.ca\/International\/wp-json\/wp\/v2\/posts\/143727\/revisions"}],"wp:attachment":[{"href":"https:\/\/linitiative.ca\/International\/wp-json\/wp\/v2\/media?parent=143727"}],"wp:term":[{"taxonomy":"category","embeddable":true,"href":"https:\/\/linitiative.ca\/International\/wp-json\/wp\/v2\/categories?post=143727"},{"taxonomy":"post_tag","embeddable":true,"href":"https:\/\/linitiative.ca\/International\/wp-json\/wp\/v2\/tags?post=143727"}],"curies":[{"name":"wp","href":"https:\/\/api.w.org\/{rel}","templated":true}]}}