{"id":143731,"date":"2022-03-23T10:47:20","date_gmt":"2022-03-23T14:47:20","guid":{"rendered":"https:\/\/linitiative.ca\/International\/m-akhannouch-sentretient-avec-le-president-du-groupe-de-la-banque-mondiale\/"},"modified":"2022-03-23T10:47:20","modified_gmt":"2022-03-23T14:47:20","slug":"m-akhannouch-sentretient-avec-le-president-du-groupe-de-la-banque-mondiale","status":"publish","type":"post","link":"https:\/\/linitiative.ca\/International\/m-akhannouch-sentretient-avec-le-president-du-groupe-de-la-banque-mondiale\/","title":{"rendered":"M. Akhannouch s\u2019entretient avec le pr\u00e9sident du Groupe de la Banque mondiale"},"content":{"rendered":"<div>\n<p><img loading=\"lazy\" decoding=\"async\" width=\"300\" height=\"153\" src=\"https:\/\/linitiative.ca\/International\/wp-content\/uploads\/sites\/23\/2022\/03\/Akhannouch-Nadia-Fettah-Alaoui-et-David-Malpass-Banque-mondiale-300x153-1.jpg\" class=\"attachment-medium size-medium wp-post-image\" alt=\"\" srcset=\"https:\/\/linitiative.ca\/International\/wp-content\/uploads\/sites\/23\/2022\/03\/Akhannouch-Nadia-Fettah-Alaoui-et-David-Malpass-Banque-mondiale-300x153-1.jpg 300w, https:\/\/aujourdhui.ma\/wp-content\/uploads\/2022\/03\/Akhannouch-Nadia-Fettah-Alaoui-et-David-Malpass-Banque-mondiale-274x140.jpg 274w, https:\/\/aujourdhui.ma\/wp-content\/uploads\/2022\/03\/Akhannouch-Nadia-Fettah-Alaoui-et-David-Malpass-Banque-mondiale.jpg 746w, https:\/\/aujourdhui.ma\/wp-content\/uploads\/2022\/03\/Akhannouch-Nadia-Fettah-Alaoui-et-David-Malpass-Banque-mondiale-165x84.jpg 165w, https:\/\/aujourdhui.ma\/wp-content\/uploads\/2022\/03\/Akhannouch-Nadia-Fettah-Alaoui-et-David-Malpass-Banque-mondiale-702x358.jpg 702w\" sizes=\"auto, (max-width: 300px) 100vw, 300px\"><\/p>\n<p><span style=\"font-size: 20px; color: #800000;\"><strong>Le chef du gouvernement, Aziz Akhannouch, s\u2019est entretenu, mercredi \u00e0 Rabat, avec le pr\u00e9sident du Groupe de la Banque mondiale, David Malpass.<\/strong><\/span><span id=\"more-403247\"><\/span><\/p>\n<p>Cette rencontre s\u2019est d\u00e9roul\u00e9e en pr\u00e9sence de la ministre de l\u2019\u00c9conomie et des Finances, Nadia Fettah Aloaui, la directrice du tr\u00e9sor et des finances ext\u00e9rieures, Faouzia Zaaboul, le vice-pr\u00e9sident de la Banque mondiale pour la R\u00e9gion Moyen-Orient et Afrique du Nord, Ferid Belhaj, le directeur pays pour le Maghreb et Malte \u00e0 la Banque mondiale, Jesko Hentschel et le directeur de la Soci\u00e9t\u00e9 financi\u00e8re internationale (IFC) pour le Maghreb, Xavier Reille.<\/p>\n<p>Cette entrevue se veut une occasion pour mettre en avant la qualit\u00e9 des relations liant le Royaume au Groupe de la Banque mondiale, ainsi que pour examiner les moyens \u00e0 mettre en place \u00e0 m\u00eame de promouvoir la coop\u00e9ration entre les deux parties et accompagner les strat\u00e9gies et les programmes \u00e9labor\u00e9s par le Maroc, sous le leadership de SM le Roi Mohammed VI.<\/p>\n<p>Il s\u2019agit, en outre, d\u2019une opportunit\u00e9 pour discuter de la conjoncture internationale marqu\u00e9e par des initiatives \u0153uvrant \u00e0 une relance \u00e9conomique, tout en faisant face aux r\u00e9percussions de la pand\u00e9mie et la hausse des prix au niveau mondial.<\/p>\n<p><img loading=\"lazy\" decoding=\"async\" class=\"aligncenter size-full wp-image-403250\" src=\"https:\/\/linitiative.ca\/International\/wp-content\/uploads\/sites\/23\/2022\/03\/Akhannouch-Nadia-Fettah-Alaoui-et-David-Malpass-Banque-mondiale-1.jpg\" alt=\"\" width=\"746\" height=\"380\" srcset=\"https:\/\/linitiative.ca\/International\/wp-content\/uploads\/sites\/23\/2022\/03\/Akhannouch-Nadia-Fettah-Alaoui-et-David-Malpass-Banque-mondiale-1.jpg 746w, https:\/\/aujourdhui.ma\/wp-content\/uploads\/2022\/03\/Akhannouch-Nadia-Fettah-Alaoui-et-David-Malpass-Banque-mondiale-1-300x153.jpg 300w, https:\/\/aujourdhui.ma\/wp-content\/uploads\/2022\/03\/Akhannouch-Nadia-Fettah-Alaoui-et-David-Malpass-Banque-mondiale-1-274x140.jpg 274w, https:\/\/aujourdhui.ma\/wp-content\/uploads\/2022\/03\/Akhannouch-Nadia-Fettah-Alaoui-et-David-Malpass-Banque-mondiale-1-165x84.jpg 165w, https:\/\/aujourdhui.ma\/wp-content\/uploads\/2022\/03\/Akhannouch-Nadia-Fettah-Alaoui-et-David-Malpass-Banque-mondiale-1-702x358.jpg 702w\" sizes=\"auto, (max-width: 746px) 100vw, 746px\"><\/p>\n<p>A cette occasion, M. Malpass a r\u00e9it\u00e9r\u00e9 l\u2019engagement du Groupe \u00e0 accompagner le d\u00e9veloppement \u00e9conomique et social que conna\u00eet le Maroc, soulignant que le Royaume dispose des \u00ab\u00a0moyens n\u00e9cessaires pour sortir de cette crise\u00a0\u00bb.<\/p>\n<p>Le pr\u00e9sident du Groupe mondial s\u2019est, de m\u00eame, f\u00e9licit\u00e9 de cette rencontre fructueuse, relevant que \u00ab\u00a0c\u2019\u00e9tait une occasion pour discuter des d\u00e9fis majeurs qui devraient \u00eatre trait\u00e9s en urgence, notamment l\u2019inflation et les prix des mati\u00e8res premi\u00e8res et de l\u2019\u00e9nergie\u00a0\u00bb.<\/p>\n<p>De son c\u00f4t\u00e9, M. Akhannouch s\u2019est dit fier de \u00ab\u00a0ce partenariat strat\u00e9gique\u00a0\u00bb avec la Banque mondiale visant \u00e0 accompagner le d\u00e9veloppement \u00e9conomique et social du Royaume, passant en revue les grands chantiers structurants de l\u2019\u00e9conomie nationale ainsi que les diff\u00e9rentes r\u00e9formes entam\u00e9es au pr\u00e9alable.<\/p>\n<p>Le Chef de gouvernement a, en outre, r\u00e9affirm\u00e9 la d\u00e9termination du Royaume \u00e0 poursuivre la mise en \u0153uvre d\u2019un ensemble de mesures visant \u00e0 r\u00e9duire les r\u00e9percussions de la pand\u00e9mie, \u00e0 stimuler l\u2019investissement priv\u00e9 et \u00e0 relancer l\u2019\u00e9conomie nationale.<\/p>\n<p>La visite de M. Malpass au Maroc pour la premi\u00e8re fois en tant que pr\u00e9sident de la Banque Mondiale, r\u00e9affirme l\u2019engagement du Groupe \u00e0 collaborer avec le Maroc pour de meilleurs r\u00e9sultats en mati\u00e8re de d\u00e9veloppement pour tous ses citoyens.<\/p>\n<\/div>\n<p>Auteur: ALM<br \/>\n<a href=\"https:\/\/aujourdhui.ma\/actualite\/m-akhannouch-sentretient-avec-le-president-du-groupe-de-la-banque-mondiale\">Cliquez ici pour lire l&rsquo;article depuis sa source.<\/a><\/p>\n","protected":false},"excerpt":{"rendered":"<p>Le chef du gouvernement, Aziz Akhannouch, s\u2019est entretenu, mercredi \u00e0 Rabat, avec le pr\u00e9sident du Groupe de la Banque mondiale, David Malpass. Cette rencontre s\u2019est d\u00e9roul\u00e9e en pr\u00e9sence de la ministre de l\u2019\u00c9conomie et des Finances, Nadia Fettah Aloaui, la directrice du tr\u00e9sor et des finances ext\u00e9rieures, Faouzia Zaaboul, le vice-pr\u00e9sident de la Banque mondiale [&hellip;]<\/p>\n","protected":false},"author":1759,"featured_media":0,"comment_status":"closed","ping_status":"closed","sticky":false,"template":"","format":"standard","meta":{"fifu_image_url":"https:\/\/aujourdhui.ma\/wp-content\/uploads\/2022\/03\/Akhannouch-Nadia-Fettah-Alaoui-et-David-Malpass-Banque-mondiale-300x153.jpg","fifu_image_alt":"M. Akhannouch s\u2019entretient avec le pr\u00e9sident du Groupe de la Banque mondiale","footnotes":""},"categories":[73,54],"tags":[],"class_list":["post-143731","post","type-post","status-publish","format-standard","hentry","category-actualite","category-maroc"],"_links":{"self":[{"href":"https:\/\/linitiative.ca\/International\/wp-json\/wp\/v2\/posts\/143731","targetHints":{"allow":["GET"]}}],"collection":[{"href":"https:\/\/linitiative.ca\/International\/wp-json\/wp\/v2\/posts"}],"about":[{"href":"https:\/\/linitiative.ca\/International\/wp-json\/wp\/v2\/types\/post"}],"author":[{"embeddable":true,"href":"https:\/\/linitiative.ca\/International\/wp-json\/wp\/v2\/users\/1759"}],"replies":[{"embeddable":true,"href":"https:\/\/linitiative.ca\/International\/wp-json\/wp\/v2\/comments?post=143731"}],"version-history":[{"count":0,"href":"https:\/\/linitiative.ca\/International\/wp-json\/wp\/v2\/posts\/143731\/revisions"}],"wp:attachment":[{"href":"https:\/\/linitiative.ca\/International\/wp-json\/wp\/v2\/media?parent=143731"}],"wp:term":[{"taxonomy":"category","embeddable":true,"href":"https:\/\/linitiative.ca\/International\/wp-json\/wp\/v2\/categories?post=143731"},{"taxonomy":"post_tag","embeddable":true,"href":"https:\/\/linitiative.ca\/International\/wp-json\/wp\/v2\/tags?post=143731"}],"curies":[{"name":"wp","href":"https:\/\/api.w.org\/{rel}","templated":true}]}}