{"id":143734,"date":"2022-03-23T11:00:36","date_gmt":"2022-03-23T15:00:36","guid":{"rendered":"https:\/\/linitiative.ca\/International\/de-nouveaux-decrets-ont-ete-approuves-tout-savoir-sur-les-categories-eligibles-a-lamo\/"},"modified":"2022-03-23T11:00:36","modified_gmt":"2022-03-23T15:00:36","slug":"de-nouveaux-decrets-ont-ete-approuves-tout-savoir-sur-les-categories-eligibles-a-lamo","status":"publish","type":"post","link":"https:\/\/linitiative.ca\/International\/de-nouveaux-decrets-ont-ete-approuves-tout-savoir-sur-les-categories-eligibles-a-lamo\/","title":{"rendered":"De nouveaux d\u00e9crets ont \u00e9t\u00e9 approuv\u00e9s : Tout savoir sur les cat\u00e9gories \u00e9ligibles \u00e0 l\u2019AMO"},"content":{"rendered":"<div>\n<p><img loading=\"lazy\" decoding=\"async\" width=\"300\" height=\"153\" src=\"https:\/\/linitiative.ca\/International\/wp-content\/uploads\/sites\/23\/2022\/03\/AMO-CNSS-Medecin-300x153-1.jpg\" class=\"attachment-medium size-medium wp-post-image\" alt=\"\" srcset=\"https:\/\/linitiative.ca\/International\/wp-content\/uploads\/sites\/23\/2022\/03\/AMO-CNSS-Medecin-300x153-1.jpg 300w, https:\/\/aujourdhui.ma\/wp-content\/uploads\/2018\/03\/AMO-CNSS-Medecin.jpg 746w\" sizes=\"auto, (max-width: 300px) 100vw, 300px\"><\/p>\n<p><span style=\"font-size: 20px; color: #800000;\"><strong>La g\u00e9n\u00e9ralisation de l\u2019Assurance maladie obligatoire est pr\u00e9vue d\u2019ici la fin de l\u2019ann\u00e9e 2022. Elle consiste, en effet, \u00e0 mettre en place une couverture m\u00e9dicale universelle qui int\u00e8gre les b\u00e9n\u00e9ficiaires du Ramed, les cat\u00e9gories des professionnels, les travailleurs ind\u00e9pendants et les personnes non-salari\u00e9es qui exercent une activit\u00e9 lib\u00e9rale.<\/strong><\/span><span id=\"more-403235\"><\/span><\/p>\n<p>Le chantier de g\u00e9n\u00e9ralisation de la protection sociale avance \u00e0 grands pas. Pas plus tard que jeudi dernier, le Conseil de gouvernement r\u00e9uni sous la pr\u00e9sidence du chef du gouvernement Aziz Akhannouch a approuv\u00e9 deux projets de d\u00e9cret dans le cadre de l\u2019engagement de l\u2019Ex\u00e9cutif \u00e0 mettre en \u0153uvre ce dispositif dans les d\u00e9lais fix\u00e9s. Il s\u2019agit du projet de d\u00e9cret n\u00b0 2.22.207 modifiant l\u2019annexe du d\u00e9cret n\u00b0 2.18.622, relatif \u00e0 l\u2019application de la loi 98-15 relative \u00e0 l\u2019Assurance maladie obligatoire de base (AMO), ainsi que la loi 99.15 instituant un r\u00e9gime de pensions pour les cat\u00e9gories des professionnels, des travailleurs ind\u00e9pendants et des personnes non salari\u00e9es exer\u00e7ant une activit\u00e9 lib\u00e9rale.<\/p>\n<p>Pr\u00e9sent\u00e9 par le ministre de la sant\u00e9 et de la protection sociale, Khalid Ait Taleb, ce texte vise l\u2019int\u00e9gration de nouvelles cat\u00e9gories professionnelles \u00e0 la liste des cat\u00e9gories et sous-cat\u00e9gories des professionnels, des travailleurs ind\u00e9pendants et des personnes non-salari\u00e9es exer\u00e7ant une activit\u00e9 lib\u00e9rale. Il s\u2019agit, en effet, des propri\u00e9taires de barques de p\u00eache artisanale, \u00e0 l\u2019exception de ceux soumis au syst\u00e8me de la s\u00e9curit\u00e9 sociale, des travailleurs sociaux, des journalistes non-salari\u00e9s poss\u00e9dant la carte de presse professionnelle, des g\u00e9rants de soci\u00e9t\u00e9s non-salari\u00e9s et des sportifs et cadres sportifs non-salari\u00e9s. Sont \u00e9galement concern\u00e9es, les autres personnes non salari\u00e9es qui exercent, pour leur propre compte, une activit\u00e9 g\u00e9n\u00e9ratrice de revenu, quels que soient cette activit\u00e9 et ce revenu, qu\u2019elles poss\u00e8dent ou non un local pour exercer leur activit\u00e9. De m\u00eame, le projet de d\u00e9cret remplace le point 14 de l\u2019annexe du d\u00e9cret n\u00b0 2.18.622, en y indiquant que la cat\u00e9gorie des conducteurs professionnels est compos\u00e9e de deux sous-cat\u00e9gories, \u00e0 savoir les conducteurs de taxis et le reste des conducteurs poss\u00e9dant la carte de conducteur professionnel.<\/p>\n<p>Dans le m\u00eame registre, le Conseil de gouvernement a approuv\u00e9 le projet de d\u00e9cret n\u00b0 2.22.208 modifiant et compl\u00e9tant le d\u00e9cret n\u00b0 2.21.928, relatif \u00e0 l\u2019application de la loi 98.15 relative \u00e0 l\u2019AMO, la loi 99.15, ainsi que l\u2019article 73 III du code g\u00e9n\u00e9ral des imp\u00f4ts, pour ce qui concerne les auto-entrepreneurs. Ce projet de d\u00e9cret vise, en effet, le r\u00e8glement des effets juridiques sur l\u2019effet de l\u2019inscription \u00e0 l\u2019AMO pour les auto-entrepreneurs ayant \u00e9t\u00e9 inscrits dans le registre national de l\u2019auto-entrepreneur apr\u00e8s le 31 d\u00e9cembre 2021, en ce qu\u2019il permet aux personnes concern\u00e9es de b\u00e9n\u00e9ficier de l\u2019AMO, en payant pr\u00e9alablement les frais d\u2019adh\u00e9sion.<\/p>\n<p>Ainsi, le projet pr\u00e9voit que l\u2019inscription prenne effet \u00e0 partir du 1er jour du mois suivant le mois durant lequel l\u2019auto-entrepreneur est appel\u00e9 \u00e0 d\u00e9clarer son premier chiffre d\u2019affaires, conform\u00e9ment aux lois en vigueur. Ainsi, l\u2019inscription de ceux inscrits au registre jusqu\u2019au 31 d\u00e9cembre 2021 prend effet \u00e0 partir du 1er f\u00e9vrier 2022. En effet, la g\u00e9n\u00e9ralisation de l\u2019Assurance maladie obligatoire est pr\u00e9vue d\u2019ici la fin de l\u2019ann\u00e9e 2022. Elle consiste, en effet, \u00e0 mettre en place une couverture m\u00e9dicale universelle qui int\u00e8gre les b\u00e9n\u00e9ficiaires du Ramed, les cat\u00e9gories des professionnels, les travailleurs ind\u00e9pendants et les personnes non-salari\u00e9es qui exercent une activit\u00e9 lib\u00e9rale. Cette r\u00e9forme a pour objectif d\u2019assurer une compl\u00e9mentarit\u00e9 entre le secteur public et le secteur priv\u00e9 tout en veillant \u00e0 une \u00e9quit\u00e9 en mati\u00e8re d\u2019acc\u00e8s aux soins de sant\u00e9.<\/p>\n<p>Plusieurs mesures d\u2019accompagnement sont pr\u00e9vues pour la r\u00e9ussite de ce grand chantier. Parmi ces mesures figure la r\u00e9vision de la loi 65-00 portant code de la couverture m\u00e9dicale de base et de la loi 98-15 relative \u00e0 l\u2019AMO pour les cat\u00e9gories des professionnels, des travailleurs ind\u00e9pendants et des personnes non-salari\u00e9es exer\u00e7ant une activit\u00e9 lib\u00e9rale. Cette r\u00e9vision est destin\u00e9e \u00e0 acc\u00e9l\u00e9rer la couverture m\u00e9dicale de ces cat\u00e9gories et ce \u00e0 travers la fixation des revenus forfaitaires pour les cotisations et \u00e0 instaurer une assurance maladie obligatoire au profit des populations d\u00e9munies b\u00e9n\u00e9ficiant actuellement du Ramed avec un syst\u00e8me de tiers payant pour la prise en charge m\u00e9dicale \u00e0 leur profit. Notons que pas moins de 9 cat\u00e9gories professionnelles de travailleurs non-salari\u00e9s ont \u00e9t\u00e9 concern\u00e9es depuis le 1er d\u00e9cembre 2021 par l\u2019extension de la couverture m\u00e9dicale, soit pr\u00e8s de 900.000 personnes.<br \/>\nLes premi\u00e8res cat\u00e9gories concern\u00e9es sont les personnes assujetties \u00e0 la contribution professionnelle unique (CPU) dont l\u2019effectif est estim\u00e9 \u00e0 500.000, les commer\u00e7ants et artisans tenant une comptabilit\u00e9 (120.000), les m\u00e9decins (14.000), les pharmaciens (13.000), les dentistes (5.500), les notaires (2.000), le personnel param\u00e9dical (5.660) et enfin les auto-entrepreneurs (300.000). Rappelons que d\u00e8s le 1er avril prochain, les artistes marocains, d\u00e9tenteurs d\u2019une carte professionnelle, pourront s\u2019inscrire aupr\u00e8s de la CNSS pour b\u00e9n\u00e9ficier d\u2019une couverture m\u00e9dicale. Ils auront, ainsi, jusqu\u2019au 30 mai 2022 pour commencer \u00e0 s\u2019acquitter de leurs cotisations aupr\u00e8s de la CNSS.<\/p>\n<p>***<\/p>\n<p>\u00a0<\/p>\n<\/div>\n<p>Auteur: Kawtar Tali<br \/>\n<a href=\"https:\/\/aujourdhui.ma\/societe\/de-nouveaux-decrets-ont-ete-approuves-tout-savoir-sur-les-categories-eligibles-a-lamo\">Cliquez ici pour lire l&rsquo;article depuis sa source.<\/a><\/p>\n","protected":false},"excerpt":{"rendered":"<p>La g\u00e9n\u00e9ralisation de l\u2019Assurance maladie obligatoire est pr\u00e9vue d\u2019ici la fin de l\u2019ann\u00e9e 2022. Elle consiste, en effet, \u00e0 mettre en place une couverture m\u00e9dicale universelle qui int\u00e8gre les b\u00e9n\u00e9ficiaires du Ramed, les cat\u00e9gories des professionnels, les travailleurs ind\u00e9pendants et les personnes non-salari\u00e9es qui exercent une activit\u00e9 lib\u00e9rale. Le chantier de g\u00e9n\u00e9ralisation de la protection [&hellip;]<\/p>\n","protected":false},"author":1759,"featured_media":0,"comment_status":"closed","ping_status":"closed","sticky":false,"template":"","format":"standard","meta":{"fifu_image_url":"https:\/\/aujourdhui.ma\/wp-content\/uploads\/2018\/03\/AMO-CNSS-Medecin-300x153.jpg","fifu_image_alt":"De nouveaux d\u00e9crets ont \u00e9t\u00e9 approuv\u00e9s : Tout savoir sur les cat\u00e9gories \u00e9ligibles \u00e0 l\u2019AMO","footnotes":""},"categories":[73,54],"tags":[],"class_list":["post-143734","post","type-post","status-publish","format-standard","hentry","category-actualite","category-maroc"],"_links":{"self":[{"href":"https:\/\/linitiative.ca\/International\/wp-json\/wp\/v2\/posts\/143734","targetHints":{"allow":["GET"]}}],"collection":[{"href":"https:\/\/linitiative.ca\/International\/wp-json\/wp\/v2\/posts"}],"about":[{"href":"https:\/\/linitiative.ca\/International\/wp-json\/wp\/v2\/types\/post"}],"author":[{"embeddable":true,"href":"https:\/\/linitiative.ca\/International\/wp-json\/wp\/v2\/users\/1759"}],"replies":[{"embeddable":true,"href":"https:\/\/linitiative.ca\/International\/wp-json\/wp\/v2\/comments?post=143734"}],"version-history":[{"count":0,"href":"https:\/\/linitiative.ca\/International\/wp-json\/wp\/v2\/posts\/143734\/revisions"}],"wp:attachment":[{"href":"https:\/\/linitiative.ca\/International\/wp-json\/wp\/v2\/media?parent=143734"}],"wp:term":[{"taxonomy":"category","embeddable":true,"href":"https:\/\/linitiative.ca\/International\/wp-json\/wp\/v2\/categories?post=143734"},{"taxonomy":"post_tag","embeddable":true,"href":"https:\/\/linitiative.ca\/International\/wp-json\/wp\/v2\/tags?post=143734"}],"curies":[{"name":"wp","href":"https:\/\/api.w.org\/{rel}","templated":true}]}}