{"id":143736,"date":"2022-03-23T11:15:21","date_gmt":"2022-03-23T15:15:21","guid":{"rendered":"https:\/\/linitiative.ca\/International\/covid-19-maroc-la-situation-epidemiologique-au-23-mars-2022-a-16h00\/"},"modified":"2022-03-23T11:15:21","modified_gmt":"2022-03-23T15:15:21","slug":"covid-19-maroc-la-situation-epidemiologique-au-23-mars-2022-a-16h00","status":"publish","type":"post","link":"https:\/\/linitiative.ca\/International\/covid-19-maroc-la-situation-epidemiologique-au-23-mars-2022-a-16h00\/","title":{"rendered":"Covid-19 \/ Maroc : La situation \u00e9pid\u00e9miologique au 23 mars 2022 \u00e0 16H00"},"content":{"rendered":"<div>\n<p><img loading=\"lazy\" decoding=\"async\" width=\"300\" height=\"153\" src=\"https:\/\/linitiative.ca\/International\/wp-content\/uploads\/sites\/23\/2022\/03\/vaccination-covid19-coronavirus-300x153-2.jpg\" class=\"attachment-medium size-medium wp-post-image\" alt=\"\" srcset=\"https:\/\/linitiative.ca\/International\/wp-content\/uploads\/sites\/23\/2022\/03\/vaccination-covid19-coronavirus-300x153-2.jpg 300w, https:\/\/aujourdhui.ma\/wp-content\/uploads\/2021\/11\/vaccination-covid19-coronavirus-274x140.jpg 274w, https:\/\/aujourdhui.ma\/wp-content\/uploads\/2021\/11\/vaccination-covid19-coronavirus.jpg 746w, https:\/\/aujourdhui.ma\/wp-content\/uploads\/2021\/11\/vaccination-covid19-coronavirus-165x84.jpg 165w, https:\/\/aujourdhui.ma\/wp-content\/uploads\/2021\/11\/vaccination-covid19-coronavirus-702x358.jpg 702w\" sizes=\"auto, (max-width: 300px) 100vw, 300px\"><\/p>\n<p>60 nouveaux cas soit un cumul de 1 162 686 cas \u00e0 ce jour.<br \/>\n62 gu\u00e9risons soit un cumul de 1 146 060 \u00e0 ce jour.<br \/>\n2 d\u00e9c\u00e8s donc un cumul de 16 055 \u00e0 ce jour.<\/p>\n<p><span style=\"color: #ff0000;\"><strong>Nombre de personnes vaccin\u00e9es au 23 mars 16H00<\/strong><\/span><\/p>\n<p>1\u00e8re dose : <strong>24 780 303<\/strong><\/p>\n<p>2\u00e8me dose : <strong>23 248 595<\/strong><\/p>\n<p>3\u00e8me dose : <strong>6 075 023<\/strong><\/p>\n<p><img loading=\"lazy\" decoding=\"async\" class=\"aligncenter size-full wp-image-403255\" src=\"https:\/\/linitiative.ca\/International\/wp-content\/uploads\/sites\/23\/2022\/03\/coronavirus23032022_Page_1.jpg\" alt=\"\" width=\"794\" height=\"1123\" srcset=\"https:\/\/linitiative.ca\/International\/wp-content\/uploads\/sites\/23\/2022\/03\/coronavirus23032022_Page_1.jpg 794w, https:\/\/aujourdhui.ma\/wp-content\/uploads\/2022\/03\/coronavirus23032022_Page_1-212x300.jpg 212w, https:\/\/aujourdhui.ma\/wp-content\/uploads\/2022\/03\/coronavirus23032022_Page_1-724x1024.jpg 724w, https:\/\/aujourdhui.ma\/wp-content\/uploads\/2022\/03\/coronavirus23032022_Page_1-768x1086.jpg 768w\" sizes=\"auto, (max-width: 794px) 100vw, 794px\"> <img loading=\"lazy\" decoding=\"async\" class=\"aligncenter size-full wp-image-403256\" src=\"https:\/\/linitiative.ca\/International\/wp-content\/uploads\/sites\/23\/2022\/03\/coronavirus23032022_Page_2.jpg\" alt=\"\" width=\"794\" height=\"1123\" srcset=\"https:\/\/linitiative.ca\/International\/wp-content\/uploads\/sites\/23\/2022\/03\/coronavirus23032022_Page_2.jpg 794w, https:\/\/aujourdhui.ma\/wp-content\/uploads\/2022\/03\/coronavirus23032022_Page_2-212x300.jpg 212w, https:\/\/aujourdhui.ma\/wp-content\/uploads\/2022\/03\/coronavirus23032022_Page_2-724x1024.jpg 724w, https:\/\/aujourdhui.ma\/wp-content\/uploads\/2022\/03\/coronavirus23032022_Page_2-768x1086.jpg 768w\" sizes=\"auto, (max-width: 794px) 100vw, 794px\"> <img loading=\"lazy\" decoding=\"async\" class=\"aligncenter size-full wp-image-403257\" src=\"https:\/\/linitiative.ca\/International\/wp-content\/uploads\/sites\/23\/2022\/03\/coronavirus23032022_Page_3.jpg\" alt=\"\" width=\"794\" height=\"1123\" srcset=\"https:\/\/linitiative.ca\/International\/wp-content\/uploads\/sites\/23\/2022\/03\/coronavirus23032022_Page_3.jpg 794w, https:\/\/aujourdhui.ma\/wp-content\/uploads\/2022\/03\/coronavirus23032022_Page_3-212x300.jpg 212w, https:\/\/aujourdhui.ma\/wp-content\/uploads\/2022\/03\/coronavirus23032022_Page_3-724x1024.jpg 724w, https:\/\/aujourdhui.ma\/wp-content\/uploads\/2022\/03\/coronavirus23032022_Page_3-768x1086.jpg 768w\" sizes=\"auto, (max-width: 794px) 100vw, 794px\"><\/p>\n<\/div>\n<p>Auteur: ALM<br \/>\n<a href=\"https:\/\/aujourdhui.ma\/societe\/covid-19-maroc-la-situation-epidemiologique-au-23-mars-2022-a-16h00\">Cliquez ici pour lire l&rsquo;article depuis sa source.<\/a><\/p>\n","protected":false},"excerpt":{"rendered":"<p>60 nouveaux cas soit un cumul de 1 162 686 cas \u00e0 ce jour. 62 gu\u00e9risons soit un cumul de 1 146 060 \u00e0 ce jour. 2 d\u00e9c\u00e8s donc un cumul de 16 055 \u00e0 ce jour. Nombre de personnes vaccin\u00e9es au 23 mars 16H00 1\u00e8re dose : 24 780 303 2\u00e8me dose : 23 [&hellip;]<\/p>\n","protected":false},"author":1759,"featured_media":0,"comment_status":"closed","ping_status":"closed","sticky":false,"template":"","format":"standard","meta":{"fifu_image_url":"https:\/\/aujourdhui.ma\/wp-content\/uploads\/2021\/11\/vaccination-covid19-coronavirus-300x153.jpg","fifu_image_alt":"Covid-19 \/ Maroc : La situation \u00e9pid\u00e9miologique au 23 mars 2022 \u00e0 16H00","footnotes":""},"categories":[73,54],"tags":[],"class_list":["post-143736","post","type-post","status-publish","format-standard","hentry","category-actualite","category-maroc"],"_links":{"self":[{"href":"https:\/\/linitiative.ca\/International\/wp-json\/wp\/v2\/posts\/143736","targetHints":{"allow":["GET"]}}],"collection":[{"href":"https:\/\/linitiative.ca\/International\/wp-json\/wp\/v2\/posts"}],"about":[{"href":"https:\/\/linitiative.ca\/International\/wp-json\/wp\/v2\/types\/post"}],"author":[{"embeddable":true,"href":"https:\/\/linitiative.ca\/International\/wp-json\/wp\/v2\/users\/1759"}],"replies":[{"embeddable":true,"href":"https:\/\/linitiative.ca\/International\/wp-json\/wp\/v2\/comments?post=143736"}],"version-history":[{"count":0,"href":"https:\/\/linitiative.ca\/International\/wp-json\/wp\/v2\/posts\/143736\/revisions"}],"wp:attachment":[{"href":"https:\/\/linitiative.ca\/International\/wp-json\/wp\/v2\/media?parent=143736"}],"wp:term":[{"taxonomy":"category","embeddable":true,"href":"https:\/\/linitiative.ca\/International\/wp-json\/wp\/v2\/categories?post=143736"},{"taxonomy":"post_tag","embeddable":true,"href":"https:\/\/linitiative.ca\/International\/wp-json\/wp\/v2\/tags?post=143736"}],"curies":[{"name":"wp","href":"https:\/\/api.w.org\/{rel}","templated":true}]}}