{"id":143741,"date":"2022-03-22T14:00:00","date_gmt":"2022-03-22T18:00:00","guid":{"rendered":"https:\/\/linitiative.ca\/International\/des-politiques-europeens-saluent-une-avancee-qui-favorisera-la-paix-en-mediterranee\/"},"modified":"2022-03-22T14:00:00","modified_gmt":"2022-03-22T18:00:00","slug":"des-politiques-europeens-saluent-une-avancee-qui-favorisera-la-paix-en-mediterranee","status":"publish","type":"post","link":"https:\/\/linitiative.ca\/International\/des-politiques-europeens-saluent-une-avancee-qui-favorisera-la-paix-en-mediterranee\/","title":{"rendered":"Des politiques europ\u00e9ens saluent une avanc\u00e9e qui favorisera la paix en M\u00e9diterran\u00e9e"},"content":{"rendered":"<div>\n<p class=\"has-text-align-center has-vivid-red-color has-text-color\"><strong>Soutien de Madrid au plan d\u2019autonomie<\/strong><\/p>\n<p class=\"has-black-color has-text-color\"><strong>Des personnalit\u00e9s politiques europ\u00e9ennes ont salu\u00e9, mardi, le soutien de l\u2019Espagne au plan d\u2019autonomie au Sahara marocain, le qualifiant de \u2018\u2019d\u00e9cision sage et courageuse\u2019\u2019 et d\u2019\u2019\u2019avanc\u00e9e\u2019\u2019 qui favorisera la paix et la stabilit\u00e9 dans la r\u00e9gion euro-m\u00e9diterran\u00e9enne.<\/strong><\/p>\n<p class=\"has-black-color has-text-color\">Pour l\u2019ancien Premier ministre bulgare, Georgi Blinaski, \u00ab\u00a0la d\u00e9cision courageuse du gouvernement espagnol de reconna\u00eetre l\u2019initiative marocaine d\u2019autonomie, pr\u00e9sent\u00e9e en 2007 comme une base s\u00e9rieuse, r\u00e9aliste et cr\u00e9dible pour la r\u00e9solution du diff\u00e9rend artificiel sur le Sahara marocain, exprime la volont\u00e9 politique de donner une forte impulsion \u00e0 l\u2019histoire de longue date qui a toujours exist\u00e9 entre les Royaumes d\u2019Espagne et du Maroc \u00e0 tous les niveaux\u2019\u2019.<br \/>\u00ab\u00a0La r\u00e9action sage et \u00e9quilibr\u00e9e du gouvernement marocain confirme sa volont\u00e9 de pr\u00e9server et de consolider ces bonnes relations traditionnelles avec son voisin et alli\u00e9 majeur\u2019\u2019, a-t-il soulign\u00e9 sur sa page facebook.<br \/>C\u2019est l\u2019occasion, a ajout\u00e9 M. Georgi Blinaski, de saluer le courage des dirigeants de ces deux pays, tout en souhaitant un avenir prosp\u00e8re et radieux aux peuples espagnol et marocain.<\/p>\n<p class=\"has-black-color has-text-color\">\u00ab\u00a0Grande satisfaction pour la d\u00e9cision du gouvernement espagnol de soutenir l\u2019initiative marocaine d\u2019autonomie pour le Sahara\u2019\u2019, a d\u00e9clar\u00e9, de son c\u00f4t\u00e9, \u00e0 la presse la s\u00e9natrice de Forza Italia et vice-pr\u00e9sidente de la d\u00e9l\u00e9gation italienne \u00e0 l\u2019Assembl\u00e9e parlementaire de l\u2019Initiative centre-europ\u00e9enne, Urania Papatheu.<br \/>Il s\u2019agit, selon elle, d\u2019une avanc\u00e9e qui consolide la souverainet\u00e9 marocaine au Sahara et qui contribuera \u00e0 renforcer la stabilit\u00e9 et la paix dans l\u2019espace euro-m\u00e9diterran\u00e9en.<br \/>La position espagnole rejoint celles de plusieurs pays comme les \u00c9tats-Unis, la France et l\u2019Allemagne, a-t-elle rappel\u00e9, notant que \u2018\u2019maintenant, l\u2019Italie devra embo\u00eeter le pas de l\u2019Espagne\u2019\u2019.<\/p>\n<p class=\"has-black-color has-text-color\">La s\u00e9natrice italienne a \u00e9mis l\u2019espoir de voir \u2018\u2019l\u2019Alg\u00e9rie prendre conscience que l\u2019avenir de nos peuples passe par la promotion de l\u2019int\u00e9gration et la coop\u00e9ration, et non par la promotion des s\u00e9paratismes\u2019\u2019.<br \/>Le d\u00e9put\u00e9 italien Osvaldo Napoli a soulign\u00e9, quant \u00e0 lui, que \u00ab\u00a0la d\u00e9cision du gouvernement espagnol de soutenir l\u2019initiative marocaine d\u2019autonomie comme la base la plus s\u00e9rieuse, cr\u00e9dible et r\u00e9aliste pour r\u00e9soudre le diff\u00e9rend r\u00e9gional sur le Sahara marocain est un tournant historique qui confirme la l\u00e9gitimit\u00e9 de la position marocaine et contribuera \u00e0 la stabilit\u00e9 de la r\u00e9gion\u2019\u2019.<\/p>\n<p class=\"has-black-color has-text-color\">\u2018\u2019\u00c0 un moment o\u00f9 le flanc nord de l\u2019Europe est expos\u00e9 \u00e0 des risques impr\u00e9visibles en raison de la guerre en Ukraine, l\u2019Europe a tout int\u00e9r\u00eat \u00e0 assurer la stabilit\u00e9 et la paix sur le flanc sud, en contribuant \u00e0 des solutions r\u00e9alistes et juridiques aux probl\u00e8mes et conflits qui menacent la stabilit\u00e9 de la r\u00e9gion euro-m\u00e9diterran\u00e9enne, comme celui du Sahara marocain\u2019\u2019, a indiqu\u00e9 dans un communiqu\u00e9 le d\u00e9put\u00e9 du groupe parlementaire Action et membre de la commission des affaires \u00e9trang\u00e8res du parlement italien.<\/p>\n<p class=\"has-black-color has-text-color\">La nouvelle position de l\u2019Espagne rejoint d\u2019autres d\u00e9cisions en faveur de la souverainet\u00e9 marocaine sur le Sahara, exprim\u00e9es par plusieurs pays occidentaux, comme l\u2019Allemagne, la France ou les \u00c9tats-Unis, a-t-il poursuivi, relevant que l\u2019Italie devrait suivre l\u2019exemple de ses partenaires occidentaux et soutenir sans \u00e9quivoque l\u2019initiative marocaine d\u2019autonomie pour le Sahara.<\/p>\n<p class=\"has-black-color has-text-color\">De la m\u00eame mani\u00e8re, l\u2019Alg\u00e9rie devrait comprendre que l\u2019int\u00e9r\u00eat de son peuple et de toute la r\u00e9gion euro-m\u00e9diterran\u00e9enne r\u00e9side dans la promotion de l\u2019int\u00e9gration r\u00e9gionale et dans le renforcement de la paix, de la stabilit\u00e9 et de la prosp\u00e9rit\u00e9 entre les pays du Maghreb et non dans la promotion du s\u00e9paratisme, a-t-il conclu.<\/p>\n<p>L\u2019article <a rel=\"nofollow\" href=\"http:\/\/albayane.press.ma\/des-politiques-europeens-saluent-une-avancee-qui-favorisera-la-paix-en-mediterranee.html\">Des politiques europ\u00e9ens saluent une avanc\u00e9e qui favorisera la paix en M\u00e9diterran\u00e9e<\/a> est apparu en premier sur <a rel=\"nofollow\" href=\"http:\/\/albayane.press.ma\/\">ALBAYANE<\/a>.<\/p>\n<\/div>\n<p>Auteur: M&rsquo;hammed rahal<br \/>\n<a href=\"http:\/\/albayane.press.ma\/des-politiques-europeens-saluent-une-avancee-qui-favorisera-la-paix-en-mediterranee.html\">Cliquez ici pour lire l&rsquo;article depuis sa source.<\/a><\/p>\n","protected":false},"excerpt":{"rendered":"<p>Soutien de Madrid au plan d\u2019autonomie Des personnalit\u00e9s politiques europ\u00e9ennes ont salu\u00e9, mardi, le soutien de l\u2019Espagne au plan d\u2019autonomie au Sahara marocain, le qualifiant de \u2018\u2019d\u00e9cision sage et courageuse\u2019\u2019 et d\u2019\u2019\u2019avanc\u00e9e\u2019\u2019 qui favorisera la paix et la stabilit\u00e9 dans la r\u00e9gion euro-m\u00e9diterran\u00e9enne. Pour l\u2019ancien Premier ministre bulgare, Georgi Blinaski, \u00ab\u00a0la d\u00e9cision courageuse du gouvernement [&hellip;]<\/p>\n","protected":false},"author":1760,"featured_media":0,"comment_status":"closed","ping_status":"closed","sticky":false,"template":"","format":"standard","meta":{"fifu_image_url":"","fifu_image_alt":"","footnotes":""},"categories":[73,54],"tags":[],"class_list":["post-143741","post","type-post","status-publish","format-standard","hentry","category-actualite","category-maroc"],"_links":{"self":[{"href":"https:\/\/linitiative.ca\/International\/wp-json\/wp\/v2\/posts\/143741","targetHints":{"allow":["GET"]}}],"collection":[{"href":"https:\/\/linitiative.ca\/International\/wp-json\/wp\/v2\/posts"}],"about":[{"href":"https:\/\/linitiative.ca\/International\/wp-json\/wp\/v2\/types\/post"}],"author":[{"embeddable":true,"href":"https:\/\/linitiative.ca\/International\/wp-json\/wp\/v2\/users\/1760"}],"replies":[{"embeddable":true,"href":"https:\/\/linitiative.ca\/International\/wp-json\/wp\/v2\/comments?post=143741"}],"version-history":[{"count":0,"href":"https:\/\/linitiative.ca\/International\/wp-json\/wp\/v2\/posts\/143741\/revisions"}],"wp:attachment":[{"href":"https:\/\/linitiative.ca\/International\/wp-json\/wp\/v2\/media?parent=143741"}],"wp:term":[{"taxonomy":"category","embeddable":true,"href":"https:\/\/linitiative.ca\/International\/wp-json\/wp\/v2\/categories?post=143741"},{"taxonomy":"post_tag","embeddable":true,"href":"https:\/\/linitiative.ca\/International\/wp-json\/wp\/v2\/tags?post=143741"}],"curies":[{"name":"wp","href":"https:\/\/api.w.org\/{rel}","templated":true}]}}