{"id":143742,"date":"2022-03-22T14:00:00","date_gmt":"2022-03-22T18:00:00","guid":{"rendered":"https:\/\/linitiative.ca\/International\/rachid-hammouni-le-fruit-de-la-dynamique-de-la-diplomatie-marocaine\/"},"modified":"2022-03-22T14:00:00","modified_gmt":"2022-03-22T18:00:00","slug":"rachid-hammouni-le-fruit-de-la-dynamique-de-la-diplomatie-marocaine","status":"publish","type":"post","link":"https:\/\/linitiative.ca\/International\/rachid-hammouni-le-fruit-de-la-dynamique-de-la-diplomatie-marocaine\/","title":{"rendered":"Rachid Hammouni : \u00ab Le fruit de la dynamique de la diplomatie marocaine \u00bb"},"content":{"rendered":"<div>\n<p class=\"has-text-align-center has-vivid-red-color has-text-color\"><strong>Soutien de l\u2019Espagne \u00e0 la marocanit\u00e9 du Sahara<\/strong><\/p>\n<p class=\"has-black-color has-text-color\"><strong>Le pr\u00e9sident du Groupe du progr\u00e8s et du socialisme \u00e0 la Chambre des repr\u00e9sentants, Rachid Hammouni, a affirm\u00e9 que \u00ab\u00a0la diplomatie marocaine a commenc\u00e9 \u00e0 cueillir des succ\u00e8s successifs, en mati\u00e8re de d\u00e9fense de la cause nationale et des int\u00e9r\u00eats sup\u00e9rieurs du Royaume sous la conduite de SM le Roi Mohammed VI. Et ce avec l\u2019appui des institutions constitutionnelles dont la l\u00e9galit\u00e9 incarne un consensus national sur les choix politiques et une vision strat\u00e9gique claire, dans le court terme comme dans ses perspectives, en ce qui concerne les changements r\u00e9gionaux et internationaux dans sa perspective \u00e0 court terme et future\u00a0\u00bb.<\/strong><\/p>\n<p class=\"has-black-color has-text-color\">C\u2019est dans ce cadre que Rachid Hammouni a comment\u00e9 l\u2019annonce, pour la premi\u00e8re fois par le gouvernement espagnol, de son soutien \u00e0 la proposition du Maroc sur la question du Sahara marocain, consid\u00e9rant que \u00ab\u00a0l\u2019initiative d\u2019autonomie pr\u00e9sent\u00e9e en 2007 est la base la plus s\u00e9rieuse, r\u00e9aliste et cr\u00e9dible pour r\u00e9soudre ce conflit\u00a0\u00bb.<\/p>\n<p class=\"has-black-color has-text-color\">Il estime que \u00ab\u00a0cette reconnaissance s\u2019ajoute \u00e0 plusieurs autres reconnaissances de plusieurs pays. Cela consacre les acquis remport\u00e9s par la diplomatie marocaine gr\u00e2ce \u00e0 ses efforts intensifs d\u00e9ploy\u00e9s sur tous les fronts, notamment africains, arabes et europ\u00e9ens\u00a0\u00bb.<\/p>\n<p class=\"has-black-color has-text-color\">Pour lui, \u00ab\u00a0ces succ\u00e8s ont renforc\u00e9 la position g\u00e9ostrat\u00e9gique du Maroc en tant qu\u2019acteur r\u00e9gional et continental porteur d\u2019un nouveau projet de voisinage et de coop\u00e9ration fond\u00e9 sur le respect mutuel et les int\u00e9r\u00eats communs des pays et des peuples. Il a soulign\u00e9 \u00e9galement que la diplomatie marocaine a \u00e9t\u00e9 connu, parall\u00e8lement, un dynamisme en direction de Washington et Londres, et ce \u00e0 un rythme impressionnant, pour renforcer les relations avec les deux pays amis\u00a0\u00bb.<\/p>\n<p class=\"has-black-color has-text-color\">Et d\u2019ajouter \u00ab\u00a0cette dynamique s\u2019est \u00e9tendue, \u00e0 la fois, \u00e0 des pays d\u2019Europe de l\u2019Est et d\u2019Afrique, et s\u2019est \u00e9minemment illustr\u00e9e lors du quarante-deuxi\u00e8me sommet des pays du Golfe \u00e0 Riyad, \u00e0 travers l\u2019accent mis par le CCG sur la marocanit\u00e9 du Sahara, louant la proposition marocaine d\u2019autonomie dans nos provinces du sud\u00a0\u00bb.<\/p>\n<p class=\"has-black-color has-text-color\">Le d\u00e9put\u00e9 du PPS a estim\u00e9 que la nouvelle position espagnole sur la question du Sahara \u00ab\u00a0refl\u00e8te le succ\u00e8s de l\u2019approche marocaine, dont l\u2019efficacit\u00e9 a \u00e9t\u00e9 prouv\u00e9e par les d\u00e9clarations positives et les positions constructives exprim\u00e9es par le nouveau gouvernement f\u00e9d\u00e9ral en Allemagne ainsi que par l\u2019Ex\u00e9cutif espagnol\u00a0\u00bb.<\/p>\n<p class=\"has-black-color has-text-color\">Il a soulign\u00e9 aussi que \u00ab\u00a0le retour de ces pays europ\u00e9ens amis \u00e0 leurs positions \u00e9quilibr\u00e9es ant\u00e9rieures sur les questions vitales de notre pays t\u00e9moigne du s\u00e9rieux de la position ferme prise par le Royaume durant la derni\u00e8re p\u00e9riode, et un important acquis qui conforte le bilan des succ\u00e8s remport\u00e9s par la diplomatie marocaine ces derni\u00e8res ann\u00e9es\u00a0\u00bb.<\/p>\n<p class=\"has-black-color has-text-color\">En conclusion, le communiqu\u00e9 du pr\u00e9sident du Groupe parlementaire du PPS que ces d\u00e9veloppements \u00ab\u00a0prouvent que, th\u00e9oriquement et pratiquement, le fait que cette diplomatie r\u00e9ussie \u00e9mane de la force de l\u2019Etat marocain sous la direction du Roi Mohammed VI. C\u2019est cette v\u00e9rit\u00e9 qui se manifeste le plus clairement et partout dans le monde. A l\u2019exception notamment des tenants du pouvoir en Alg\u00e9rie \u00ab\u00a0dont la vision est brouill\u00e9e et qui ont perdu le sens de la raison et de la conscience, pour lesquels nous prions pour un retour \u00e0 la sagesse et au service des int\u00e9r\u00eats des deux peuples fr\u00e8res\u00a0\u00bb.<\/p>\n<p>L\u2019article <a rel=\"nofollow\" href=\"http:\/\/albayane.press.ma\/rachid-hammouni-le-fruit-de-la-dynamique-de-la-diplomatie-marocaine.html\">Rachid Hammouni : \u00ab Le fruit de la dynamique de la diplomatie marocaine \u00bb<\/a> est apparu en premier sur <a rel=\"nofollow\" href=\"http:\/\/albayane.press.ma\/\">ALBAYANE<\/a>.<\/p>\n<\/div>\n<p>Auteur: M&rsquo;hammed rahal<br \/>\n<a href=\"http:\/\/albayane.press.ma\/rachid-hammouni-le-fruit-de-la-dynamique-de-la-diplomatie-marocaine.html\">Cliquez ici pour lire l&rsquo;article depuis sa source.<\/a><\/p>\n","protected":false},"excerpt":{"rendered":"<p>Soutien de l\u2019Espagne \u00e0 la marocanit\u00e9 du Sahara Le pr\u00e9sident du Groupe du progr\u00e8s et du socialisme \u00e0 la Chambre des repr\u00e9sentants, Rachid Hammouni, a affirm\u00e9 que \u00ab\u00a0la diplomatie marocaine a commenc\u00e9 \u00e0 cueillir des succ\u00e8s successifs, en mati\u00e8re de d\u00e9fense de la cause nationale et des int\u00e9r\u00eats sup\u00e9rieurs du Royaume sous la conduite de [&hellip;]<\/p>\n","protected":false},"author":1760,"featured_media":0,"comment_status":"closed","ping_status":"closed","sticky":false,"template":"","format":"standard","meta":{"fifu_image_url":"","fifu_image_alt":"","footnotes":""},"categories":[73,54],"tags":[],"class_list":["post-143742","post","type-post","status-publish","format-standard","hentry","category-actualite","category-maroc"],"_links":{"self":[{"href":"https:\/\/linitiative.ca\/International\/wp-json\/wp\/v2\/posts\/143742","targetHints":{"allow":["GET"]}}],"collection":[{"href":"https:\/\/linitiative.ca\/International\/wp-json\/wp\/v2\/posts"}],"about":[{"href":"https:\/\/linitiative.ca\/International\/wp-json\/wp\/v2\/types\/post"}],"author":[{"embeddable":true,"href":"https:\/\/linitiative.ca\/International\/wp-json\/wp\/v2\/users\/1760"}],"replies":[{"embeddable":true,"href":"https:\/\/linitiative.ca\/International\/wp-json\/wp\/v2\/comments?post=143742"}],"version-history":[{"count":0,"href":"https:\/\/linitiative.ca\/International\/wp-json\/wp\/v2\/posts\/143742\/revisions"}],"wp:attachment":[{"href":"https:\/\/linitiative.ca\/International\/wp-json\/wp\/v2\/media?parent=143742"}],"wp:term":[{"taxonomy":"category","embeddable":true,"href":"https:\/\/linitiative.ca\/International\/wp-json\/wp\/v2\/categories?post=143742"},{"taxonomy":"post_tag","embeddable":true,"href":"https:\/\/linitiative.ca\/International\/wp-json\/wp\/v2\/tags?post=143742"}],"curies":[{"name":"wp","href":"https:\/\/api.w.org\/{rel}","templated":true}]}}