{"id":143743,"date":"2022-03-22T14:00:00","date_gmt":"2022-03-22T18:00:00","guid":{"rendered":"https:\/\/linitiative.ca\/International\/regionaliser-rationnellement\/"},"modified":"2022-03-22T14:00:00","modified_gmt":"2022-03-22T18:00:00","slug":"regionaliser-rationnellement","status":"publish","type":"post","link":"https:\/\/linitiative.ca\/International\/regionaliser-rationnellement\/","title":{"rendered":"R\u00e9gionaliser rationnellement !"},"content":{"rendered":"<div>\n<p class=\"has-black-color has-text-color\"><strong>On conviendra bien que les douze r\u00e9gions du Maroc, telles qu\u2019elles sont con\u00e7ues et d\u00e9limit\u00e9es aujourd\u2019hui, renferment des dysfonctionnements et des d\u00e9s\u00e9quilibres socio\u00e9conomiques qui ralentissent leur \u00e9volution. Dans bien des zones, le d\u00e9phasage est criard \u00e0 plus d\u2019un titre pour des provinces qui auraient d\u00fb \u00eatre beaucoup plus dans \u00ableur peau\u00bb si elles avaient \u00e9t\u00e9 ralli\u00e9es \u00e0 d\u2019autres lieux. Il est bien \u00e9vident que les d\u00e9coupages entrepris, il y a quelques ann\u00e9es, r\u00e9pondaient \u00e0 des exigences qui ne sont pas forc\u00e9ment les m\u00eames qui pr\u00e9valent \u00e0 pr\u00e9sent, \u00e0 l\u2019aune des mutations profondes survenues dans les champs politiques et g\u00e9ostrat\u00e9giques du pays.<\/strong><\/p>\n<p class=\"has-black-color has-text-color\">Il s\u2019av\u00e8re aussi bien clair que l\u2019exp\u00e9rience r\u00e9gionale cumul\u00e9e, quoiqu\u2019 \u00e9triqu\u00e9e, embryonnaire et balbutiante, a permis pr\u00e9sentement le passage fluide et serein \u00e0 une phase r\u00e9gionale avanc\u00e9e. Certes, cette transition notoire est maintenant dict\u00e9e beaucoup plus par les d\u00e9veloppements actuels de la question de l\u2019int\u00e9grit\u00e9 territoriale, au vu de l\u2019autonomie appr\u00e9ci\u00e9e sur la sc\u00e8ne internationale, que par une simple volont\u00e9 de mise en place d\u2019une r\u00e9gionalisation acc\u00e9l\u00e9r\u00e9e et pr\u00e9cipit\u00e9e. Toutefois, on s\u2019accordera \u00e0 dire que nombre d\u2019indicateurs aussi plausibles qu\u2019incitateurs soutiennent fortement cette d\u00e9marche qui ne fait, en d\u00e9finitive, que consolider les acquis consid\u00e9r\u00e9s comme une plate-forme pour des r\u00e9alisations encore plus appropri\u00e9es. D\u2019autant plus que les concepts de d\u00e9centralisation et d\u00e9concentration ne sont pas, jusqu\u2019ici, mat\u00e9rialis\u00e9s dans les faits, tel qu\u2019a toujours pr\u00e9tendu le \u00a0pouvoir central.<\/p>\n<p class=\"has-black-color has-text-color\">En d\u00e9pit des slogans et des textes, si peu g\u00e9n\u00e9reux soient-ils, Rabat s\u2019accapare presque tous les pouvoirs, en termes proc\u00e9durier, budg\u00e9taire et d\u00e9cisionnel, de par la fameuse tutelle ma\u00eetrisante. La nouvelle conception r\u00e9gionalisante, sans avoir l\u2019intention d\u2019\u00eatre ni r\u00e9gionaliste ni r\u00e9barbative, tente d\u2019abord de f\u00e9d\u00e9rer les \u00e9parpillements, repenser les coh\u00e9rences et activer les \u00e9mulations. Il est, en effet, impensable qu\u2019une r\u00e9gion comme Souss-Massa qui s\u2019\u00e9rige en p\u00f4le \u00e9conomique de premier ordre et s\u2019en trouve, bizarrement, au bas de l\u2019\u00e9chelle de la pauvret\u00e9 et de la pr\u00e9carit\u00e9.<\/p>\n<p class=\"has-black-color has-text-color\">Aussi bien les p\u00eaches maritimes, l\u2019agriculture que le tourisme qui forment les assises fondamentales de l\u2019\u00e9conomie nationale, la r\u00e9gion SM n\u2019en profite gu\u00e8re en mati\u00e8re de revenus aux populations et am\u00e9nagements du territoire, bien qu\u2019elle occupe une place de choix dans cette tryptique \u00e9conomique. Il y a donc d\u00e9faillance au niveau de la r\u00e9partition des richesses \u00e0 laquelle une r\u00e9gionalisation saine et juste pourrait rectifier le tir.<\/p>\n<p>L\u2019article <a rel=\"nofollow\" href=\"http:\/\/albayane.press.ma\/regionaliser-rationnellement.html\">R\u00e9gionaliser rationnellement !<\/a> est apparu en premier sur <a rel=\"nofollow\" href=\"http:\/\/albayane.press.ma\/\">ALBAYANE<\/a>.<\/p>\n<\/div>\n<p>Auteur: M&rsquo;hammed rahal<br \/>\n<a href=\"http:\/\/albayane.press.ma\/regionaliser-rationnellement.html\">Cliquez ici pour lire l&rsquo;article depuis sa source.<\/a><\/p>\n","protected":false},"excerpt":{"rendered":"<p>On conviendra bien que les douze r\u00e9gions du Maroc, telles qu\u2019elles sont con\u00e7ues et d\u00e9limit\u00e9es aujourd\u2019hui, renferment des dysfonctionnements et des d\u00e9s\u00e9quilibres socio\u00e9conomiques qui ralentissent leur \u00e9volution. Dans bien des zones, le d\u00e9phasage est criard \u00e0 plus d\u2019un titre pour des provinces qui auraient d\u00fb \u00eatre beaucoup plus dans \u00ableur peau\u00bb si elles avaient \u00e9t\u00e9 [&hellip;]<\/p>\n","protected":false},"author":1760,"featured_media":0,"comment_status":"closed","ping_status":"closed","sticky":false,"template":"","format":"standard","meta":{"fifu_image_url":"","fifu_image_alt":"","footnotes":""},"categories":[73,54],"tags":[],"class_list":["post-143743","post","type-post","status-publish","format-standard","hentry","category-actualite","category-maroc"],"_links":{"self":[{"href":"https:\/\/linitiative.ca\/International\/wp-json\/wp\/v2\/posts\/143743","targetHints":{"allow":["GET"]}}],"collection":[{"href":"https:\/\/linitiative.ca\/International\/wp-json\/wp\/v2\/posts"}],"about":[{"href":"https:\/\/linitiative.ca\/International\/wp-json\/wp\/v2\/types\/post"}],"author":[{"embeddable":true,"href":"https:\/\/linitiative.ca\/International\/wp-json\/wp\/v2\/users\/1760"}],"replies":[{"embeddable":true,"href":"https:\/\/linitiative.ca\/International\/wp-json\/wp\/v2\/comments?post=143743"}],"version-history":[{"count":0,"href":"https:\/\/linitiative.ca\/International\/wp-json\/wp\/v2\/posts\/143743\/revisions"}],"wp:attachment":[{"href":"https:\/\/linitiative.ca\/International\/wp-json\/wp\/v2\/media?parent=143743"}],"wp:term":[{"taxonomy":"category","embeddable":true,"href":"https:\/\/linitiative.ca\/International\/wp-json\/wp\/v2\/categories?post=143743"},{"taxonomy":"post_tag","embeddable":true,"href":"https:\/\/linitiative.ca\/International\/wp-json\/wp\/v2\/tags?post=143743"}],"curies":[{"name":"wp","href":"https:\/\/api.w.org\/{rel}","templated":true}]}}