{"id":143745,"date":"2022-03-22T14:00:00","date_gmt":"2022-03-22T18:00:00","guid":{"rendered":"https:\/\/linitiative.ca\/International\/le-role-de-la-femme-marocaine-dans-la-promotion-des-arts-plastiques\/"},"modified":"2022-03-22T14:00:00","modified_gmt":"2022-03-22T18:00:00","slug":"le-role-de-la-femme-marocaine-dans-la-promotion-des-arts-plastiques","status":"publish","type":"post","link":"https:\/\/linitiative.ca\/International\/le-role-de-la-femme-marocaine-dans-la-promotion-des-arts-plastiques\/","title":{"rendered":"Le r\u00f4le de la femme marocaine dans la promotion des arts plastiques"},"content":{"rendered":"<div>\n<p class=\"has-text-align-center has-vivid-red-color has-text-color\"><strong>Journ\u00e9e de la femme<\/strong><\/p>\n<p class=\"has-text-align-right has-black-color has-text-color\">Par Abdeslam khatib<\/p>\n<p class=\"has-black-color has-text-color\"><strong>De tous les temps, l\u2019apport des artistes femmes du Maroc dans l\u2019histoire de l\u2019art plastique n\u2019a \u00e9t\u00e9 un secret de polichinelle pour personne. Notamment l\u2019art f\u00e9minin depuis 1960 \u00e0 nos jours de Cha\u00efbiaTalal \u00e0 Mounat Charrat en passant par Amina Benbouchta, Mariam Abouzid Souali ou encore Lalla Essaydi, la plasticienne, th\u00e9oricienne de l\u2019art, docteur en Arts plastiques et Sciences de l\u2019art,la professeure universitaire Rim La\u00e2bi , Leila Cherkaoui, Raja Atlassi, A\u00efcha Arji, Fatna Chanane, Nadia Chellaoui,Et la liste des artistes plasticiennes n\u2019est pas si exhaustive\u00a0 \u2026<\/strong><\/p>\n<p class=\"has-black-color has-text-color\">Et ce, sans oublier la grande r\u00e9v\u00e9lation de la peinture marocaine, Rajae Lahlou, qui, juste apr\u00e8s le grand succ\u00e8s de son exposition sous le th\u00e8me \u00ab\u00a0La qu\u00eate de soi\u00a0\u00bb, en novembre 2019, \u00e0 la Galerie \u2018\u2019Living 4 Art\u2019\u2019 \u00e0 Casablanca, elle a expos\u00e9 l\u2019ensemble de ses \u0153uvres , le 20 janvier 2020 au Carousel\u00a0 du Louvre \u00e0 Paris, en marge de l\u2019Oriental Fashion Show, et o\u00f9 elle a re\u00e7u le Prix de l\u2019UNESCO, et a, ensuite, r\u00e9cidiv\u00e9\u00e0 la Galerie \u2018\u2019Living 4 Art\u2019\u2019,avec l\u2019exposition \u00abRenaissance\u00bb, dont le vernissage a \u00e9t\u00e9 donn\u00e9,le 22 f\u00e9vrier 2022, un appel \u00e0 l\u2019espoir et l\u2019optimisme. Les \u0153uvres sont expos\u00e9es jusqu\u2019au 23 mars prochain.<\/p>\n<p class=\"has-black-color has-text-color\">Au fait, Le r\u00f4le de la femme marocaine dans la promotion des arts plastiques est tel un chantier ouvert, o\u00f9 les expositions traversent le temps et les genres en s\u2019arr\u00eatant sur des th\u00e9matiques, telle que \u00abQuand la main pense\u00bb en r\u00e9f\u00e9rence \u00e0 l\u2019art intuitif, na\u00eff notamment de femmes qui ont marqu\u00e9, comme Cha\u00efbia ou encore \u00e0 travers \u00abLa lumi\u00e8re int\u00e9rieure\u00bb et ses r\u00e9flexions de femmes, ces mouvements de l\u2019\u00e2me presque cosmique qui \u00e9voquent une intimit\u00e9 lumineuse. La question du corps est bien entendu \u00e9voqu\u00e9e avec \u00ab\u00a0Ce que peut le corps\u00bb ou ce grand questionnement de la femme objet, de la maternit\u00e9 avant de s\u2019interroger sur \u00abLa part du songe\u00bb et de ces r\u00eaves \u00e9veill\u00e9s, cette part du subconscient, voire de l\u2019inconscient qui peut r\u00e9v\u00e9ler ce qu\u2019on arrive plus \u00e0 voir, \u00e0 cerner \u2026<\/p>\n<p class=\"has-black-color has-text-color\">Plusieurs tribunes et organismes nationaux et internationaux ont lou\u00e9 et rendu hommage \u00e0 l\u2019art plastique marocain au f\u00e9minin, en mettant la lumi\u00e8re sur la richesse et la diversit\u00e9 des affluents culturels constituant l\u2019identit\u00e9 marocaine.Ils ont mis \u00e9galement en exergue que les femmes marocaines constituent un formidable levier de d\u00e9veloppement pour les arts plastiques au \u00a0Maroc en apportant, autant que l\u2019homme, une contribution active au processus de d\u00e9veloppement mat\u00e9riel et immat\u00e9riel de leur pays.<\/p>\n<p>L\u2019article <a rel=\"nofollow\" href=\"http:\/\/albayane.press.ma\/le-role-de-la-femme-marocaine-dans-la-promotion-des-arts-plastiques.html\">Le r\u00f4le de la femme marocaine dans la promotion des arts plastiques<\/a> est apparu en premier sur <a rel=\"nofollow\" href=\"http:\/\/albayane.press.ma\/\">ALBAYANE<\/a>.<\/p>\n<\/div>\n<p>Auteur: M&rsquo;hammed rahal<br \/>\n<a href=\"http:\/\/albayane.press.ma\/le-role-de-la-femme-marocaine-dans-la-promotion-des-arts-plastiques.html\">Cliquez ici pour lire l&rsquo;article depuis sa source.<\/a><\/p>\n","protected":false},"excerpt":{"rendered":"<p>Journ\u00e9e de la femme Par Abdeslam khatib De tous les temps, l\u2019apport des artistes femmes du Maroc dans l\u2019histoire de l\u2019art plastique n\u2019a \u00e9t\u00e9 un secret de polichinelle pour personne. Notamment l\u2019art f\u00e9minin depuis 1960 \u00e0 nos jours de Cha\u00efbiaTalal \u00e0 Mounat Charrat en passant par Amina Benbouchta, Mariam Abouzid Souali ou encore Lalla Essaydi, [&hellip;]<\/p>\n","protected":false},"author":1760,"featured_media":0,"comment_status":"closed","ping_status":"closed","sticky":false,"template":"","format":"standard","meta":{"fifu_image_url":"","fifu_image_alt":"","footnotes":""},"categories":[73,54],"tags":[],"class_list":["post-143745","post","type-post","status-publish","format-standard","hentry","category-actualite","category-maroc"],"_links":{"self":[{"href":"https:\/\/linitiative.ca\/International\/wp-json\/wp\/v2\/posts\/143745","targetHints":{"allow":["GET"]}}],"collection":[{"href":"https:\/\/linitiative.ca\/International\/wp-json\/wp\/v2\/posts"}],"about":[{"href":"https:\/\/linitiative.ca\/International\/wp-json\/wp\/v2\/types\/post"}],"author":[{"embeddable":true,"href":"https:\/\/linitiative.ca\/International\/wp-json\/wp\/v2\/users\/1760"}],"replies":[{"embeddable":true,"href":"https:\/\/linitiative.ca\/International\/wp-json\/wp\/v2\/comments?post=143745"}],"version-history":[{"count":0,"href":"https:\/\/linitiative.ca\/International\/wp-json\/wp\/v2\/posts\/143745\/revisions"}],"wp:attachment":[{"href":"https:\/\/linitiative.ca\/International\/wp-json\/wp\/v2\/media?parent=143745"}],"wp:term":[{"taxonomy":"category","embeddable":true,"href":"https:\/\/linitiative.ca\/International\/wp-json\/wp\/v2\/categories?post=143745"},{"taxonomy":"post_tag","embeddable":true,"href":"https:\/\/linitiative.ca\/International\/wp-json\/wp\/v2\/tags?post=143745"}],"curies":[{"name":"wp","href":"https:\/\/api.w.org\/{rel}","templated":true}]}}