{"id":143747,"date":"2022-03-23T06:23:52","date_gmt":"2022-03-23T10:23:52","guid":{"rendered":"https:\/\/linitiative.ca\/International\/previsions-meteorologiques-pour-le-mercredi-23-mars-2022\/"},"modified":"2022-03-23T06:23:52","modified_gmt":"2022-03-23T10:23:52","slug":"previsions-meteorologiques-pour-le-mercredi-23-mars-2022","status":"publish","type":"post","link":"https:\/\/linitiative.ca\/International\/previsions-meteorologiques-pour-le-mercredi-23-mars-2022\/","title":{"rendered":"Pr\u00e9visions m\u00e9t\u00e9orologiques pour le mercredi 23 mars 2022"},"content":{"rendered":"<div>\n<div style=\"margin-bottom:20px;\"><img loading=\"lazy\" decoding=\"async\" width=\"750\" height=\"430\" src=\"https:\/\/linitiative.ca\/International\/wp-content\/uploads\/sites\/23\/2022\/03\/nuages-2.jpg\" class=\"attachment-post-thumbnail size-post-thumbnail wp-post-image\" alt=\"\" srcset=\"https:\/\/linitiative.ca\/International\/wp-content\/uploads\/sites\/23\/2022\/03\/nuages-2.jpg 750w, https:\/\/www.mapmarrakech.ma\/map\/uploads\/2022\/03\/nuages-2-300x172.jpg 300w\" sizes=\"auto, (max-width: 750px) 100vw, 750px\"><\/div>\n<p>\u2013 Pluies ou averses parfois orageuses sur les plaines nord et centre, la M\u00e9diterran\u00e9e, l\u2019Atlas, le Rif et les plateaux de Phosphates.<\/p>\n<p>\u2013 Pluies \u00e9parses sur l\u2019Oriental, le Sud-Est et le Souss.<\/p>\n<p>\u2013 Chutes de neige sur les Haut et Moyen Atlas.<\/p>\n<p>\u2013 Rafales de vent assez fortes \u00e0 fortes sur l\u2019Oriental et le Sud-Est avec des chasse-poussi\u00e8res par endroits.<\/p>\n<p>\u2013 Temps assez froid sur les reliefs.<\/p>\n<p>\u2013 Temp\u00e9ratures minimales de l\u2019ordre de 02\/08\u00b0C sur les reliefs, 13\/19\u00b0C sur les provinces du Sud et l\u2019extr\u00eame sud-est et de 07\/14\u00b0C ailleurs.<\/p>\n<p>\u2013 Temp\u00e9ratures du jour en baisse par rapport \u00e0 la veille.<\/p>\n<p>\u2013 Mer agit\u00e9e sur la M\u00e9diterran\u00e9e et le D\u00e9troit et agit\u00e9e \u00e0 forte localement, peu agit\u00e9e \u00e0 agit\u00e9e entre Tarfaya et La\u00e2youne.<\/p>\n<p>The post <a rel=\"nofollow\" href=\"https:\/\/www.mapmarrakech.ma\/fr\/previsions-meteorologiques-pour-le-mercredi-23-mars-2022\/\">Pr\u00e9visions m\u00e9t\u00e9orologiques pour le mercredi 23 mars 2022<\/a> appeared first on <a rel=\"nofollow\" href=\"https:\/\/www.mapmarrakech.ma\/fr\">MapMarrakech<\/a>.<\/p>\n<\/div>\n<p>Auteur: Meriem IGASS<br \/>\n<a href=\"https:\/\/www.mapmarrakech.ma\/fr\/previsions-meteorologiques-pour-le-mercredi-23-mars-2022\/\">Cliquez ici pour lire l&rsquo;article depuis sa source.<\/a><\/p>\n","protected":false},"excerpt":{"rendered":"<p>\u2013 Pluies ou averses parfois orageuses sur les plaines nord et centre, la M\u00e9diterran\u00e9e, l\u2019Atlas, le Rif et les plateaux de Phosphates. \u2013 Pluies \u00e9parses sur l\u2019Oriental, le Sud-Est et le Souss. \u2013 Chutes de neige sur les Haut et Moyen Atlas. \u2013 Rafales de vent assez fortes \u00e0 fortes sur l\u2019Oriental et le Sud-Est [&hellip;]<\/p>\n","protected":false},"author":1788,"featured_media":0,"comment_status":"closed","ping_status":"closed","sticky":false,"template":"","format":"standard","meta":{"fifu_image_url":"https:\/\/www.mapmarrakech.ma\/map\/uploads\/2022\/03\/nuages-2.jpg","fifu_image_alt":"Pr\u00e9visions m\u00e9t\u00e9orologiques pour le mercredi 23 mars 2022","footnotes":""},"categories":[54,76],"tags":[],"class_list":["post-143747","post","type-post","status-publish","format-standard","hentry","category-maroc","category-regions"],"_links":{"self":[{"href":"https:\/\/linitiative.ca\/International\/wp-json\/wp\/v2\/posts\/143747","targetHints":{"allow":["GET"]}}],"collection":[{"href":"https:\/\/linitiative.ca\/International\/wp-json\/wp\/v2\/posts"}],"about":[{"href":"https:\/\/linitiative.ca\/International\/wp-json\/wp\/v2\/types\/post"}],"author":[{"embeddable":true,"href":"https:\/\/linitiative.ca\/International\/wp-json\/wp\/v2\/users\/1788"}],"replies":[{"embeddable":true,"href":"https:\/\/linitiative.ca\/International\/wp-json\/wp\/v2\/comments?post=143747"}],"version-history":[{"count":0,"href":"https:\/\/linitiative.ca\/International\/wp-json\/wp\/v2\/posts\/143747\/revisions"}],"wp:attachment":[{"href":"https:\/\/linitiative.ca\/International\/wp-json\/wp\/v2\/media?parent=143747"}],"wp:term":[{"taxonomy":"category","embeddable":true,"href":"https:\/\/linitiative.ca\/International\/wp-json\/wp\/v2\/categories?post=143747"},{"taxonomy":"post_tag","embeddable":true,"href":"https:\/\/linitiative.ca\/International\/wp-json\/wp\/v2\/tags?post=143747"}],"curies":[{"name":"wp","href":"https:\/\/api.w.org\/{rel}","templated":true}]}}