{"id":143749,"date":"2022-03-23T07:42:40","date_gmt":"2022-03-23T11:42:40","guid":{"rendered":"https:\/\/linitiative.ca\/International\/appel-a-des-approches-ideales-pour-la-preservation-des-eaux-souterraines\/"},"modified":"2022-03-23T07:42:40","modified_gmt":"2022-03-23T11:42:40","slug":"appel-a-des-approches-ideales-pour-la-preservation-des-eaux-souterraines","status":"publish","type":"post","link":"https:\/\/linitiative.ca\/International\/appel-a-des-approches-ideales-pour-la-preservation-des-eaux-souterraines\/","title":{"rendered":"Appel \u00e0 des approches id\u00e9ales pour la pr\u00e9servation des eaux souterraines"},"content":{"rendered":"<div>\n<div style=\"margin-bottom:20px;\"><img loading=\"lazy\" decoding=\"async\" width=\"750\" height=\"430\" src=\"https:\/\/linitiative.ca\/International\/wp-content\/uploads\/sites\/23\/2022\/03\/eau-copier.jpg\" class=\"attachment-post-thumbnail size-post-thumbnail wp-post-image\" alt=\"\" srcset=\"https:\/\/linitiative.ca\/International\/wp-content\/uploads\/sites\/23\/2022\/03\/eau-copier.jpg 750w, https:\/\/www.mapmarrakech.ma\/map\/uploads\/2022\/03\/eau-copier-300x172.jpg 300w\" sizes=\"auto, (max-width: 750px) 100vw, 750px\"><\/div>\n<p>Les intervenants lors de la c\u00e9r\u00e9monie d\u2019ouverture de cet \u00e9v\u00e9nement (22-24 mars), organis\u00e9 par le Centre National d\u2019Etudes et de Recherches sur l\u2019Eau et l\u2019Energie (CNEREE) relevant de l\u2019universit\u00e9 Cadi Ayyad, sous le th\u00e8me \u00ab\u00a0Les eaux souterraines, patrimoine hydraulique national \u00e0 pr\u00e9server\u00a0\u00bb, ont insist\u00e9 sur la n\u00e9cessit\u00e9 de renforcer les projets de dessalement de l\u2019eau, \u00e0 travers l\u2019utilisation des \u00e9nergies renouvelables, en tant que solution pour all\u00e9ger la pression que subissent les nappes phr\u00e9atiques.<\/p>\n<p>Dans ce sens, le doyen de la Facult\u00e9 des sciences et techniques (FST) de Marrakech, Moha Taourirt, a indiqu\u00e9 que les eaux souterraines constituent le plus important r\u00e9servoir d\u2019eau douce dans le monde, d\u2019o\u00f9, a-t-il expliqu\u00e9, la n\u00e9cessit\u00e9 de l\u2019adoption de mesures appropri\u00e9es afin d\u2019\u00e9viter que les activit\u00e9s humaines ne polluent cette ressource.<\/p>\n<p>Et de poursuivre que la qualit\u00e9 des eaux souterraines est fortement tributaire de la qualit\u00e9 des eaux de surface (rivi\u00e8re, plans d\u2019eau, etc\u2026) qui les alimentent, soulignant que la contribution \u00e0 la pr\u00e9servation des nappes passe d\u2019abord par le fait d\u2019\u00e9viter l\u2019utilisation, en surface, de substances susceptibles de contaminer ces nappes par infiltration et limiter leur \u00e9pandage \u00e0 la surface du sol.<\/p>\n<p>Ce genre de manifestations auxquelles prennent part des experts, des chercheurs, des \u00e9tudiants et des acteurs concern\u00e9s, permettent de d\u00e9gager des recommandations \u00e0 m\u00eame de sensibiliser l\u2019opinion publique et d\u2019inciter les dirigeants politiques \u00e0 am\u00e9liorer la gestion de l\u2019eau, de proposer des solutions et des instruments d\u2019action pour aider les zones souffrant d\u2019une p\u00e9nurie d\u2019eau avec des approches pratiques, a-t-il expliqu\u00e9, ajoutant que plusieurs aspects exigent une attention imm\u00e9diate, notamment l\u2019agriculture et l\u2019eau, l\u2019\u00e9conomie verte de l\u2019eau, l\u2019\u00e9puration et la r\u00e9utilisation des eaux us\u00e9es.<\/p>\n<p>Pour sa part, la directrice du CNEREE, Mme Leila Mandi, a relev\u00e9 que cette rencontre, qui s\u2019inscrit dans le cadre de la c\u00e9l\u00e9bration de la journ\u00e9e mondiale de l\u2019eau, vise essentiellement \u00e0 sensibiliser sur l\u2019importance de pr\u00e9server les ressources en eaux souterraines, qui sont de plus en plus surexploit\u00e9es, et \u00e0 promouvoir le dessalement de l\u2019eau \u00e0 travers l\u2019utilisation de l\u2019\u00e9nergie solaire comme l\u2019une des solutions pour faire face au stress hydrique.<\/p>\n<p>Elle a mis l\u2019accent aussi sur l\u2019importance de f\u00e9d\u00e9rer les efforts de l\u2019ensemble des acteurs concern\u00e9s afin de pr\u00e9server les ressources en eau, y compris les nappes phr\u00e9atiques, dont l\u2019\u00e9tat des lieux est en d\u00e9gradation continue d\u2019ann\u00e9e en ann\u00e9e, en raison de la surexploitation dont elles font l\u2019objet, notamment dans le domaine agricole, en plus des produits polluants utilis\u00e9s.<\/p>\n<p>Les organisateurs de cette 7\u00e8me \u00e9dition de la semaine de l\u2019eau et l\u2019\u00e9nergie ont concoct\u00e9 un programme riche et diversifi\u00e9, pr\u00e9voyant notamment une table-ronde, un atelier communal d\u2019information et de sensibilisation en partenariat avec la commune d\u2019Ouled Mtaa (Province d\u2019Al Haouz) et un colloque scientifique en collaboration avec l\u2019association eau et \u00e9nergie pour tous.<\/p>\n<p>Cet \u00e9v\u00e9nement r\u00e9unit un parterre d\u2019experts, d\u2019acteurs locaux, des \u00e9lus, des repr\u00e9sentants des entreprises et de la soci\u00e9t\u00e9 civile ainsi que des \u00e9tudiants pour d\u00e9battre et \u00e9changer sur la raret\u00e9 de l\u2019eau au Maroc et proposer des solutions pour faire face au stress hydrique.<\/p>\n<p>The post <a rel=\"nofollow\" href=\"https:\/\/www.mapmarrakech.ma\/fr\/appel-a-des-approches-ideales-pour-la-preservation-des-eaux-souterraines\/\">Appel \u00e0 des approches id\u00e9ales pour la pr\u00e9servation des eaux souterraines<\/a> appeared first on <a rel=\"nofollow\" href=\"https:\/\/www.mapmarrakech.ma\/fr\">MapMarrakech<\/a>.<\/p>\n<\/div>\n<p>Auteur: Meriem IGASS<br \/>\n<a href=\"https:\/\/www.mapmarrakech.ma\/fr\/appel-a-des-approches-ideales-pour-la-preservation-des-eaux-souterraines\/\">Cliquez ici pour lire l&rsquo;article depuis sa source.<\/a><\/p>\n","protected":false},"excerpt":{"rendered":"<p>Les intervenants lors de la c\u00e9r\u00e9monie d\u2019ouverture de cet \u00e9v\u00e9nement (22-24 mars), organis\u00e9 par le Centre National d\u2019Etudes et de Recherches sur l\u2019Eau et l\u2019Energie (CNEREE) relevant de l\u2019universit\u00e9 Cadi Ayyad, sous le th\u00e8me \u00ab\u00a0Les eaux souterraines, patrimoine hydraulique national \u00e0 pr\u00e9server\u00a0\u00bb, ont insist\u00e9 sur la n\u00e9cessit\u00e9 de renforcer les projets de dessalement de l\u2019eau, [&hellip;]<\/p>\n","protected":false},"author":1788,"featured_media":0,"comment_status":"closed","ping_status":"closed","sticky":false,"template":"","format":"standard","meta":{"fifu_image_url":"https:\/\/www.mapmarrakech.ma\/map\/uploads\/2022\/03\/eau-copier.jpg","fifu_image_alt":"Appel \u00e0 des approches id\u00e9ales pour la pr\u00e9servation des eaux souterraines","footnotes":""},"categories":[54,76],"tags":[],"class_list":["post-143749","post","type-post","status-publish","format-standard","hentry","category-maroc","category-regions"],"_links":{"self":[{"href":"https:\/\/linitiative.ca\/International\/wp-json\/wp\/v2\/posts\/143749","targetHints":{"allow":["GET"]}}],"collection":[{"href":"https:\/\/linitiative.ca\/International\/wp-json\/wp\/v2\/posts"}],"about":[{"href":"https:\/\/linitiative.ca\/International\/wp-json\/wp\/v2\/types\/post"}],"author":[{"embeddable":true,"href":"https:\/\/linitiative.ca\/International\/wp-json\/wp\/v2\/users\/1788"}],"replies":[{"embeddable":true,"href":"https:\/\/linitiative.ca\/International\/wp-json\/wp\/v2\/comments?post=143749"}],"version-history":[{"count":0,"href":"https:\/\/linitiative.ca\/International\/wp-json\/wp\/v2\/posts\/143749\/revisions"}],"wp:attachment":[{"href":"https:\/\/linitiative.ca\/International\/wp-json\/wp\/v2\/media?parent=143749"}],"wp:term":[{"taxonomy":"category","embeddable":true,"href":"https:\/\/linitiative.ca\/International\/wp-json\/wp\/v2\/categories?post=143749"},{"taxonomy":"post_tag","embeddable":true,"href":"https:\/\/linitiative.ca\/International\/wp-json\/wp\/v2\/tags?post=143749"}],"curies":[{"name":"wp","href":"https:\/\/api.w.org\/{rel}","templated":true}]}}