{"id":14375,"date":"2019-02-15T08:01:26","date_gmt":"2019-02-15T13:01:26","guid":{"rendered":"https:\/\/linitiative.ca\/International\/guercif-caravane-medicale-de-chirurgie-de-la-cataracte-au-profit-de-300-beneficiaires\/"},"modified":"2019-02-15T08:01:26","modified_gmt":"2019-02-15T13:01:26","slug":"guercif-caravane-medicale-de-chirurgie-de-la-cataracte-au-profit-de-300-beneficiaires","status":"publish","type":"post","link":"https:\/\/linitiative.ca\/International\/guercif-caravane-medicale-de-chirurgie-de-la-cataracte-au-profit-de-300-beneficiaires\/","title":{"rendered":"Guercif : Caravane m\u00e9dicale de chirurgie de la cataracte au profit de 300 b\u00e9n\u00e9ficiaires"},"content":{"rendered":"<div readability=\"35\">\n<p>L\u2019h\u00f4pital provincial de Guercif organise, depuis le 13 et jusqu\u2019au 17 f\u00e9vrier courant, une caravane m\u00e9dicale de chirurgie de la cataracte au profit de quelque 300 b\u00e9n\u00e9ficiaires.<\/p>\n<\/div>\n<div readability=\"72\">\n<p>Initi\u00e9e sous l\u2019\u00e9gide de la pr\u00e9fecture de la province de Guercif et l\u2019encadrement de la direction provinciale de la Sant\u00e9, en partenariat avec la Fondation Cheikh Zaid et l\u2019Association Dar Assiha, cette caravane porte sur la r\u00e9alisation d\u2019op\u00e9rations de la cataracte au profit de personnes n\u00e9cessiteuses.<\/p>\n<p>Dans une d\u00e9claration \u00e0 la MAP, le directeur provincial de la Sant\u00e9, Hicham Alaoui Ismaili, a indiqu\u00e9 que cette caravane m\u00e9dicale s\u2019inscrit dans le cadre du rapprochement des services de sant\u00e9 de la population locale, notamment la cat\u00e9gorie des personnes n\u00e9cessiteuses.<\/p>\n<p>Il a \u00e9galement fait savoir que la direction provinciale de la Sant\u00e9 \u00e9tudie la possibilit\u00e9 \u00abd\u2019inclure la chirurgie de la cataracte dans les soins de sant\u00e9 dispens\u00e9s de mani\u00e8re permanente \u00e0 l\u2019h\u00f4pital provincial de Guercif, compte tenu du co\u00fbt \u00e9lev\u00e9 de cette chirurgie dans les cliniques priv\u00e9es, qui peut atteindre 10.000 dh pour chaque op\u00e9ration\u00bb.<\/p>\n<p>De son c\u00f4t\u00e9, le directeur de l\u2019h\u00f4pital provincial de Guercif, Abdelmjid Rami, a pr\u00e9cis\u00e9 que cette caravane a \u00e9t\u00e9 pr\u00e9c\u00e9d\u00e9e d\u2019une campagne de d\u00e9pistage au profit de 600 personnes.<\/p>\n<p>Cette initiative inclut les personnes ne disposant pas de la carte RAMED et qui ne b\u00e9n\u00e9ficie d\u2019aucune couverture m\u00e9dicale, a-t-il affirm\u00e9, notant qu\u2019outre les op\u00e9rations de la cataracte, cette caravane porte sur la distribution de m\u00e9dicaments et le suivi m\u00e9dical.<\/p>\n<p>Et d\u2019ajouter que dans le cadre du plan d\u2019action annuel de l\u2019h\u00f4pital, d\u2019autres initiatives seront organis\u00e9es, touchant plusieurs sp\u00e9cialit\u00e9s, en vue de renforcer l\u2019offre de soins au niveau de cet \u00e9tablissement.<\/p>\n<\/div>\n<p>Auteur: Soufiane ELAHMAR<br \/>\n<a href=\"http:\/\/www.mapoujda.ma\/fr\/guercif-caravane-medicale-de-chirurgie-de-la-cataracte-au-profit-de-300-beneficiaires\/\">Cliquez ici pour lire l&rsquo;article depuis sa source.<\/a><\/p>\n","protected":false},"excerpt":{"rendered":"<p>L\u2019h\u00f4pital provincial de Guercif organise, depuis le 13 et jusqu\u2019au 17 f\u00e9vrier courant, une caravane m\u00e9dicale de chirurgie de la cataracte au profit de quelque 300 b\u00e9n\u00e9ficiaires. Initi\u00e9e sous l\u2019\u00e9gide de la pr\u00e9fecture de la province de Guercif et l\u2019encadrement de la direction provinciale de la Sant\u00e9, en partenariat avec la Fondation Cheikh Zaid et [&hellip;]<\/p>\n","protected":false},"author":1788,"featured_media":0,"comment_status":"closed","ping_status":"closed","sticky":false,"template":"","format":"standard","meta":{"fifu_image_url":"","fifu_image_alt":"","footnotes":""},"categories":[54,76],"tags":[],"class_list":["post-14375","post","type-post","status-publish","format-standard","hentry","category-maroc","category-regions"],"_links":{"self":[{"href":"https:\/\/linitiative.ca\/International\/wp-json\/wp\/v2\/posts\/14375","targetHints":{"allow":["GET"]}}],"collection":[{"href":"https:\/\/linitiative.ca\/International\/wp-json\/wp\/v2\/posts"}],"about":[{"href":"https:\/\/linitiative.ca\/International\/wp-json\/wp\/v2\/types\/post"}],"author":[{"embeddable":true,"href":"https:\/\/linitiative.ca\/International\/wp-json\/wp\/v2\/users\/1788"}],"replies":[{"embeddable":true,"href":"https:\/\/linitiative.ca\/International\/wp-json\/wp\/v2\/comments?post=14375"}],"version-history":[{"count":0,"href":"https:\/\/linitiative.ca\/International\/wp-json\/wp\/v2\/posts\/14375\/revisions"}],"wp:attachment":[{"href":"https:\/\/linitiative.ca\/International\/wp-json\/wp\/v2\/media?parent=14375"}],"wp:term":[{"taxonomy":"category","embeddable":true,"href":"https:\/\/linitiative.ca\/International\/wp-json\/wp\/v2\/categories?post=14375"},{"taxonomy":"post_tag","embeddable":true,"href":"https:\/\/linitiative.ca\/International\/wp-json\/wp\/v2\/tags?post=14375"}],"curies":[{"name":"wp","href":"https:\/\/api.w.org\/{rel}","templated":true}]}}