{"id":143751,"date":"2022-03-23T07:53:02","date_gmt":"2022-03-23T11:53:02","guid":{"rendered":"https:\/\/linitiative.ca\/International\/focus-sur-le-bilan-du-programme-de-developpement-des-zones-de-montagne\/"},"modified":"2022-03-23T07:53:02","modified_gmt":"2022-03-23T11:53:02","slug":"focus-sur-le-bilan-du-programme-de-developpement-des-zones-de-montagne","status":"publish","type":"post","link":"https:\/\/linitiative.ca\/International\/focus-sur-le-bilan-du-programme-de-developpement-des-zones-de-montagne\/","title":{"rendered":"Focus sur le bilan du Programme de D\u00e9veloppement des Zones de Montagne"},"content":{"rendered":"<div>\n<div style=\"margin-bottom:20px;\"><img loading=\"lazy\" decoding=\"async\" width=\"750\" height=\"430\" src=\"https:\/\/linitiative.ca\/International\/wp-content\/uploads\/sites\/23\/2022\/03\/conf-montagne-copier.jpg\" class=\"attachment-post-thumbnail size-post-thumbnail wp-post-image\" alt=\"\" srcset=\"https:\/\/linitiative.ca\/International\/wp-content\/uploads\/sites\/23\/2022\/03\/conf-montagne-copier.jpg 750w, https:\/\/www.mapmarrakech.ma\/map\/uploads\/2022\/03\/conf-montagne-copier-300x172.jpg 300w\" sizes=\"auto, (max-width: 750px) 100vw, 750px\"><\/div>\n<p>Organis\u00e9e en partenariat avec le Fonds International de D\u00e9veloppement Agricole (FIDA), cette rencontre a \u00e9t\u00e9 l\u2019occasion de partager et de discuter des r\u00e9sultats des actions r\u00e9alis\u00e9es, d\u2019exposer les retomb\u00e9es positives et les meilleurs pratiques ayant permis d\u2019atteindre une bonne partie des objectifs escompt\u00e9s, ainsi que de mettre en place une feuille de route pour la p\u00e9rennisation dudit programme.<\/p>\n<p>\u00ab\u00a0Ce s\u00e9minaire a pour objectif de pr\u00e9senter les r\u00e9sultats du PDRZM, un programme financ\u00e9 par le Fonds international de d\u00e9veloppement agricole (FIDA) \u00e0 hauteur de 40 millions de dirhams, et qui vise le d\u00e9veloppement des fili\u00e8res de production v\u00e9g\u00e9tale et animale au niveau des provinces de Sefrou et d\u2019Azilal, qui sont des zones de montagne par excellence\u00a0\u00bb, a expliqu\u00e9 M. Fouad Jinate, directeur de la gestion des projets \u00e0 l\u2019ADA dans une d\u00e9claration \u00e0 M24, la chaine t\u00e9l\u00e9vis\u00e9e de l\u2019information en continu de la MAP.<\/p>\n<p>Cette rencontre, a-t-elle ajout\u00e9, a \u00e9galement constitu\u00e9 une opportunit\u00e9 pour partager, avec les diff\u00e9rents partenaires et acteurs concern\u00e9s, l\u2019\u00e9tat d\u2019avancement des projets, ainsi que les actions innovantes et les initiatives r\u00e9ussies qui ont \u00e9t\u00e9 r\u00e9alis\u00e9es dans le cadre de ce programme, notamment en mati\u00e8re de d\u00e9veloppement des fili\u00e8res de production et d\u2019action d\u2019adaptation au changement climatique.<\/p>\n<p>Pour sa part, M. Chakib Nemmaoui, charg\u00e9 de programme pays, Responsable Bureau du FIDA Maroc, a fait savoir que le PDRZM cible les petits et moyens exploitants (agriculteurs, \u00e9leveurs, apiculteurs), les paysans sans terre, les jeunes et les femmes voulant r\u00e9aliser des activit\u00e9s g\u00e9n\u00e9ratrices de revenus ou cr\u00e9er des PME.<\/p>\n<p>\u00ab\u00a0Le programme se fixe pour mission de diversifier les sources de revenus des femmes, des hommes et des jeunes vivant dans les zones de montagne dans les provinces de Sefrou et d\u2019Azilal, en assurant le d\u00e9veloppement et la valorisation des fili\u00e8res agricoles d\u00e9gageant un meilleur profit et une plus grande valeur ajout\u00e9e\u00a0\u00bb, a-t-il expliqu\u00e9.<\/p>\n<p>De son c\u00f4t\u00e9, Mme Jamila Oulfakir, qui repr\u00e9sente une coop\u00e9rative f\u00e9minine op\u00e9rant en mati\u00e8re de plantes m\u00e9dicinales et aromatiques situ\u00e9e \u00e0 la commune rurale de Zaouiat Ahansal relevant de la province d\u2019Azilal, a mis en exergue l\u2019importance du Programme de D\u00e9veloppement des Zones de Montagne en termes d\u2019am\u00e9lioration des revenus et des conditions de vie de la population rurale dans les zones cibl\u00e9es.<\/p>\n<p>\u00ab\u00a0Ce programme nous a permis de booster notre activit\u00e9, notamment la production et la commercialisation du safran, ce qui nous a donn\u00e9 la possibilit\u00e9 de cr\u00e9er des opportunit\u00e9s de travail pour les femmes de la r\u00e9gion et contribuer ainsi, \u00e0 lutter contre le ph\u00e9nom\u00e8ne de l\u2019exode rural\u00a0\u00bb, a ajout\u00e9 Mme Oulfakir.<\/p>\n<p>Financ\u00e9 par le FIDA, le PDRZM a pour objectif de r\u00e9duire la pauvret\u00e9 de 30% \u00e0 l\u2019horizon de 2030 et d\u2019am\u00e9liorer nettement les conditions de vie de la population rurale des zones de montagne au niveau des provinces de Sefrou et Azilal, et ce, au profit de 385.000 b\u00e9n\u00e9ficiaires.<\/p>\n<p>Pilot\u00e9 selon une approche moderne et dynamique, ce programme de par sa dimension et la nature de ses composantes, demeure l\u2019un des mod\u00e8les r\u00e9ussis de l\u2019agriculture solidaire lanc\u00e9s par le D\u00e9partement de l\u2019Agriculture.<\/p>\n<p>Il vise le d\u00e9veloppement des fili\u00e8res agricoles, le renforcement de la r\u00e9silience des populations cibl\u00e9es face aux impacts n\u00e9gatifs du changement climatique, une meilleure gestion des ressources naturelles, une forte int\u00e9gration de la femme rurale et des jeunes dans le d\u00e9veloppement socio-\u00e9conomique, ainsi que le d\u00e9veloppement et la promotion de l\u2019entrepreneuriat dans ces zones recul\u00e9es.<\/p>\n<p>Depuis l\u2019av\u00e8nement de la strat\u00e9gie G\u00e9n\u00e9ration Green, l\u2019ADA sous l\u2019\u00e9gide du minist\u00e8re de l\u2019Agriculture, de la P\u00eache Maritime, du D\u00e9veloppement Rural et des Eaux et For\u00eats, \u0153uvre activement sur diff\u00e9rents axes pour le d\u00e9veloppement agricole, notamment l\u2019autonomisation de la femme rurale, le d\u00e9veloppement de l\u2019entrepreneuriat des jeunes et la lutte contre le changement climatique. Des axes prioritaires qui s\u2019inscrivent aussi dans le cadre du PDRZM.<\/p>\n<p>The post <a rel=\"nofollow\" href=\"https:\/\/www.mapmarrakech.ma\/fr\/focus-sur-le-bilan-du-programme-de-developpement-des-zones-de-montagne-2\/\">Focus sur le bilan du Programme de D\u00e9veloppement des Zones de Montagne<\/a> appeared first on <a rel=\"nofollow\" href=\"https:\/\/www.mapmarrakech.ma\/fr\">MapMarrakech<\/a>.<\/p>\n<\/div>\n<p>Auteur: Meriem IGASS<br \/>\n<a href=\"https:\/\/www.mapmarrakech.ma\/fr\/focus-sur-le-bilan-du-programme-de-developpement-des-zones-de-montagne-2\/\">Cliquez ici pour lire l&rsquo;article depuis sa source.<\/a><\/p>\n","protected":false},"excerpt":{"rendered":"<p>Organis\u00e9e en partenariat avec le Fonds International de D\u00e9veloppement Agricole (FIDA), cette rencontre a \u00e9t\u00e9 l\u2019occasion de partager et de discuter des r\u00e9sultats des actions r\u00e9alis\u00e9es, d\u2019exposer les retomb\u00e9es positives et les meilleurs pratiques ayant permis d\u2019atteindre une bonne partie des objectifs escompt\u00e9s, ainsi que de mettre en place une feuille de route pour la [&hellip;]<\/p>\n","protected":false},"author":1788,"featured_media":0,"comment_status":"closed","ping_status":"closed","sticky":false,"template":"","format":"standard","meta":{"fifu_image_url":"https:\/\/www.mapmarrakech.ma\/map\/uploads\/2022\/03\/conf-montagne-copier.jpg","fifu_image_alt":"Focus sur le bilan du Programme de D\u00e9veloppement des Zones de Montagne","footnotes":""},"categories":[54,76],"tags":[],"class_list":["post-143751","post","type-post","status-publish","format-standard","hentry","category-maroc","category-regions"],"_links":{"self":[{"href":"https:\/\/linitiative.ca\/International\/wp-json\/wp\/v2\/posts\/143751","targetHints":{"allow":["GET"]}}],"collection":[{"href":"https:\/\/linitiative.ca\/International\/wp-json\/wp\/v2\/posts"}],"about":[{"href":"https:\/\/linitiative.ca\/International\/wp-json\/wp\/v2\/types\/post"}],"author":[{"embeddable":true,"href":"https:\/\/linitiative.ca\/International\/wp-json\/wp\/v2\/users\/1788"}],"replies":[{"embeddable":true,"href":"https:\/\/linitiative.ca\/International\/wp-json\/wp\/v2\/comments?post=143751"}],"version-history":[{"count":0,"href":"https:\/\/linitiative.ca\/International\/wp-json\/wp\/v2\/posts\/143751\/revisions"}],"wp:attachment":[{"href":"https:\/\/linitiative.ca\/International\/wp-json\/wp\/v2\/media?parent=143751"}],"wp:term":[{"taxonomy":"category","embeddable":true,"href":"https:\/\/linitiative.ca\/International\/wp-json\/wp\/v2\/categories?post=143751"},{"taxonomy":"post_tag","embeddable":true,"href":"https:\/\/linitiative.ca\/International\/wp-json\/wp\/v2\/tags?post=143751"}],"curies":[{"name":"wp","href":"https:\/\/api.w.org\/{rel}","templated":true}]}}