{"id":143753,"date":"2022-03-23T08:36:05","date_gmt":"2022-03-23T12:36:05","guid":{"rendered":"https:\/\/linitiative.ca\/International\/debats-sur-la-mobilite-academique-au-service-du-developpement-africain\/"},"modified":"2022-03-23T08:36:05","modified_gmt":"2022-03-23T12:36:05","slug":"debats-sur-la-mobilite-academique-au-service-du-developpement-africain","status":"publish","type":"post","link":"https:\/\/linitiative.ca\/International\/debats-sur-la-mobilite-academique-au-service-du-developpement-africain\/","title":{"rendered":"D\u00e9bats sur la mobilit\u00e9 acad\u00e9mique au service du d\u00e9veloppement africain"},"content":{"rendered":"<div>\n<div style=\"margin-bottom:20px;\"><img loading=\"lazy\" decoding=\"async\" width=\"750\" height=\"430\" src=\"https:\/\/linitiative.ca\/International\/wp-content\/uploads\/sites\/23\/2022\/03\/mobilitC3A9-copier.jpg\" class=\"attachment-post-thumbnail size-post-thumbnail wp-post-image\" alt=\"\" srcset=\"https:\/\/linitiative.ca\/International\/wp-content\/uploads\/sites\/23\/2022\/03\/mobilitC3A9-copier.jpg 750w, https:\/\/www.mapmarrakech.ma\/map\/uploads\/2022\/03\/mobilit\u00e9-copier-300x172.jpg 300w\" sizes=\"auto, (max-width: 750px) 100vw, 750px\"><\/div>\n<p>Initi\u00e9 par l\u2019Association Internationale des Professeurs d\u2019Universit\u00e9s et Maitres de Conf\u00e9rences (IAUPL) et l\u2019Universit\u00e9 Cadi Ayyad (UCA) de Marrakech, avec le soutien de l\u2019UNESCO, ce conclave offre l\u2019opportunit\u00e9 de d\u00e9battre de la mobilit\u00e9 des universitaires et de la reconnaissance des qualifications.<\/p>\n<p>Cette rencontre scientifique est l\u2019occasion aussi d\u2019aborder des th\u00e9matiques se rapportant \u00e0 la qualit\u00e9 des formations universitaires au service du d\u00e9veloppement en Afrique, \u00e0 la coop\u00e9ration multilat\u00e9rale et aux partenariats internationaux.<\/p>\n<p>Les participants \u00e0 cette conf\u00e9rence examineront aussi un projet de cr\u00e9ation d\u2019un r\u00e9seau universitaire de la mobilit\u00e9 acad\u00e9mique et la reconnaissance des formations universitaires et ce, au service du d\u00e9veloppement du Continent.<\/p>\n<p>Ce rendez-vous scientifique d\u2019envergure se propose, de m\u00eame, de d\u00e9battre avec les universitaires des dispositifs de la Convention mondiale sur la reconnaissance des qualifications relatives \u00e0 l\u2019enseignement sup\u00e9rieur et de formuler une panoplie de recommandations dans ce domaine, tout en tenant compte des priorit\u00e9s des pays de l\u2019Afrique.<\/p>\n<p>Intervenant \u00e0 cette occasion, le pr\u00e9sident de l\u2019UCA, My Lhassan Hbid, a indiqu\u00e9 que l\u2019UCA accorde un int\u00e9r\u00eat particulier \u00e0 la question de la mobilit\u00e9 universitaire \u00e0 travers la mise en place de laboratoires mixtes, le co-encadrement des th\u00e8ses et des \u00e9tudiants et la cr\u00e9ation du Fonds r\u00e9gional de l\u2019excellence au profit des jeunes doctorants.<\/p>\n<p>Apr\u00e8s avoir mis l\u2019accent sur le r\u00f4le de la mobilit\u00e9 dans le perfectionnement et la consolidation des comp\u00e9tences, le renouvellement des visions et le renforcement de la collaboration, M. Hbid a soulign\u00e9 que l\u2019UCA a choisi d\u2019orienter ses actions vers l\u2019internationalisation pour structurer et dynamiser la coop\u00e9ration, encourager et renforcer la mobilit\u00e9 interne et externe des chercheurs et des \u00e9tudiants, mettre en place des formations \u00e0 double dipl\u00f4mes et encourager l\u2019organisation de rencontres internationales th\u00e9matiques.<\/p>\n<p>De son c\u00f4t\u00e9, le secr\u00e9taire g\u00e9n\u00e9ral de l\u2019IAUPL, M. Michel Gay, a indiqu\u00e9 que la croissance rapide de la mobilit\u00e9 internationale au niveau universitaire devrait se poursuivre pass\u00e9 l\u2019interm\u00e8de de la pand\u00e9mie de la Covid-19, relevant que la Convention mondiale sur la reconnaissance des qualifications relatives \u00e0 l\u2019enseignement sup\u00e9rieur adopt\u00e9e par la conf\u00e9rence g\u00e9n\u00e9rale de l\u2019UNESCO constitue, d\u00e9sormais, un cadre r\u00e9glementaire mondial pour la reconnaissance des qualifications.<\/p>\n<p>Les universit\u00e9s ont toujours assum\u00e9 des fonctions qui transcendent leurs fonctions nationales, a-t-il ajout\u00e9, faisant remarquer qu\u2019\u00e0 l\u2019heure actuelle, de nouvelles formes de la mobilit\u00e9 ont \u00e9merg\u00e9, telles que l\u2019internationalisation des programmes, de l\u2019enseignement sup\u00e9rieur transnational et la cr\u00e9ation d\u2019organisations internationales et de consortiums d\u2019universit\u00e9s aux niveaux r\u00e9gional et mondial.<\/p>\n<p>Dans ce contexte, il a soulign\u00e9 que le partage des connaissances, la coop\u00e9ration internationale et la constitution de r\u00e9seaux sont essentiels au progr\u00e8s de la connaissance et demeurent aussi n\u00e9cessaires pour r\u00e9duire l\u2019\u00e9cart entre les \u00e9tablissements universitaires au niveau mondial.<\/p>\n<p>Par ailleurs, dans une d\u00e9claration \u00e0 M24, la chaine t\u00e9l\u00e9vis\u00e9e de l\u2019information en continu de la MAP, le vice-pr\u00e9sident de l\u2019IAUPL, Pr. Mohamed Mahassine, a relev\u00e9 que cette rencontre vise \u00e0 faire naitre une vision harmonieuse de l\u2019universit\u00e9 de demain et \u00e0 d\u00e9battre de th\u00e9matiques se rapportant \u00e0 la mobilit\u00e9 acad\u00e9mique, \u00e0 l\u2019harmonisation des syst\u00e8mes, \u00e0 la valorisation des dipl\u00f4mes et des qualifications et \u00e0 la digitalisation de l\u2019enseignement sup\u00e9rieur qui repr\u00e9sente une solution \u00e0 m\u00eame de r\u00e9soudre le probl\u00e8me de la massification.<\/p>\n<p>Dans ce cadre, il a pr\u00e9conis\u00e9 l\u2019encouragement de la mobilit\u00e9 virtuelle et physique, qui permet un partage des acquis et des connaissances, ce qui ne peut qu\u2019\u00eatre enrichissant dans le cadre d\u2019un monde actuellement ouvert.<\/p>\n<p>Les d\u00e9bats lors de ce congr\u00e8s graviteront autour de plusieurs th\u00e9matiques \u00e0 savoir :\u00a0 \u00ab\u00a0Quels nouveaux cadres de la mobilit\u00e9 dans l\u2019enseignement sup\u00e9rieur\u00a0\u00bb, \u00ab\u00a0La reconnaissance des dipl\u00f4mes et le renforcement du r\u00f4le des universitaires en la mati\u00e8re dans le respect des libert\u00e9s universitaires\u00a0\u00bb, \u00ab\u00a0L\u2019acc\u00e8s des jeunes et des femmes aux formations traditionnelles et num\u00e9riques et \u00e0 la mobilit\u00e9 internationale\u00a0\u00bb, et \u00ab\u00a0La cr\u00e9ation des r\u00e9seaux et de plateformes de formation doctorale num\u00e9riques avec une reconnaissance sp\u00e9cifique des qualifications acquises comme apport innovant\u00a0\u00bb.<\/p>\n<p>Cr\u00e9\u00e9e en 1944, l\u2019IAUPL, partenaire officiel et ONG de l\u2019UNESCO depuis 1947 et de l\u2019ONU depuis 1966, a pour vocation de promouvoir et de d\u00e9fendre la libert\u00e9 et la fraternit\u00e9 acad\u00e9mique et de favoriser l\u2019\u00e9change entre les universitaires par-del\u00e0 les fronti\u00e8res nationales, d\u2019\u00e9tablissements ou de disciplines.<\/p>\n<p>The post <a rel=\"nofollow\" href=\"https:\/\/www.mapmarrakech.ma\/fr\/debats-sur-la-mobilite-academique-au-service-du-developpement-africain\/\">D\u00e9bats sur la mobilit\u00e9 acad\u00e9mique au service du d\u00e9veloppement africain<\/a> appeared first on <a rel=\"nofollow\" href=\"https:\/\/www.mapmarrakech.ma\/fr\">MapMarrakech<\/a>.<\/p>\n<\/div>\n<p>Auteur: Meriem IGASS<br \/>\n<a href=\"https:\/\/www.mapmarrakech.ma\/fr\/debats-sur-la-mobilite-academique-au-service-du-developpement-africain\/\">Cliquez ici pour lire l&rsquo;article depuis sa source.<\/a><\/p>\n","protected":false},"excerpt":{"rendered":"<p>Initi\u00e9 par l\u2019Association Internationale des Professeurs d\u2019Universit\u00e9s et Maitres de Conf\u00e9rences (IAUPL) et l\u2019Universit\u00e9 Cadi Ayyad (UCA) de Marrakech, avec le soutien de l\u2019UNESCO, ce conclave offre l\u2019opportunit\u00e9 de d\u00e9battre de la mobilit\u00e9 des universitaires et de la reconnaissance des qualifications. Cette rencontre scientifique est l\u2019occasion aussi d\u2019aborder des th\u00e9matiques se rapportant \u00e0 la qualit\u00e9 [&hellip;]<\/p>\n","protected":false},"author":1788,"featured_media":0,"comment_status":"closed","ping_status":"closed","sticky":false,"template":"","format":"standard","meta":{"fifu_image_url":"https:\/\/www.mapmarrakech.ma\/map\/uploads\/2022\/03\/mobilit\u00e9-copier.jpg","fifu_image_alt":"D\u00e9bats sur la mobilit\u00e9 acad\u00e9mique au service du d\u00e9veloppement africain","footnotes":""},"categories":[54,76],"tags":[],"class_list":["post-143753","post","type-post","status-publish","format-standard","hentry","category-maroc","category-regions"],"_links":{"self":[{"href":"https:\/\/linitiative.ca\/International\/wp-json\/wp\/v2\/posts\/143753","targetHints":{"allow":["GET"]}}],"collection":[{"href":"https:\/\/linitiative.ca\/International\/wp-json\/wp\/v2\/posts"}],"about":[{"href":"https:\/\/linitiative.ca\/International\/wp-json\/wp\/v2\/types\/post"}],"author":[{"embeddable":true,"href":"https:\/\/linitiative.ca\/International\/wp-json\/wp\/v2\/users\/1788"}],"replies":[{"embeddable":true,"href":"https:\/\/linitiative.ca\/International\/wp-json\/wp\/v2\/comments?post=143753"}],"version-history":[{"count":0,"href":"https:\/\/linitiative.ca\/International\/wp-json\/wp\/v2\/posts\/143753\/revisions"}],"wp:attachment":[{"href":"https:\/\/linitiative.ca\/International\/wp-json\/wp\/v2\/media?parent=143753"}],"wp:term":[{"taxonomy":"category","embeddable":true,"href":"https:\/\/linitiative.ca\/International\/wp-json\/wp\/v2\/categories?post=143753"},{"taxonomy":"post_tag","embeddable":true,"href":"https:\/\/linitiative.ca\/International\/wp-json\/wp\/v2\/tags?post=143753"}],"curies":[{"name":"wp","href":"https:\/\/api.w.org\/{rel}","templated":true}]}}