{"id":143755,"date":"2022-03-23T10:55:58","date_gmt":"2022-03-23T14:55:58","guid":{"rendered":"https:\/\/linitiative.ca\/International\/previsions-meteorologiques-pour-le-jeudi-24-mars-2022\/"},"modified":"2022-03-23T10:55:58","modified_gmt":"2022-03-23T14:55:58","slug":"previsions-meteorologiques-pour-le-jeudi-24-mars-2022","status":"publish","type":"post","link":"https:\/\/linitiative.ca\/International\/previsions-meteorologiques-pour-le-jeudi-24-mars-2022\/","title":{"rendered":"Pr\u00e9visions m\u00e9t\u00e9orologiques pour le jeudi 24 mars 2022"},"content":{"rendered":"<div>\n<div style=\"margin-bottom:20px;\"><img loading=\"lazy\" decoding=\"async\" width=\"750\" height=\"430\" src=\"https:\/\/linitiative.ca\/International\/wp-content\/uploads\/sites\/23\/2022\/03\/pluie-MAP.jpg\" class=\"attachment-post-thumbnail size-post-thumbnail wp-post-image\" alt=\"\" srcset=\"https:\/\/linitiative.ca\/International\/wp-content\/uploads\/sites\/23\/2022\/03\/pluie-MAP.jpg 750w, https:\/\/www.mapmarrakech.ma\/map\/uploads\/2022\/03\/pluie-MAP-300x172.jpg 300w\" sizes=\"auto, (max-width: 750px) 100vw, 750px\"><\/div>\n<p>\u2013 Pluies ou averses orageuses sur la M\u00e9diterran\u00e9e, le Rif, le Saiss, l\u2019Atlas, le Centre, le Souss et l\u2019Oriental.<\/p>\n<p>\u2013 Pluies \u00e9parses sur le Nord.<\/p>\n<p>\u2013 Chutes de neige sur les Haut et Moyen Atlas et sur les Sommets du Rif.<\/p>\n<p>\u2013 Temps assez froid sur l\u2019Atlas et le Sud-Est.<\/p>\n<p>\u2013 Rafales de vent assez fortes \u00e0 fortes sur l\u2019Oriental et le Sud-Est avec des chasse-poussi\u00e8res par endroits.<\/p>\n<p>\u2013 Temp\u00e9ratures minimales de l\u2019ordre de -03\/03\u00b0C sur l\u2019Atlas, 04\/10\u00b0C sur le Rif, le Sud-Est, les plateaux de phosphates, 08\/13\u00b0C sur l\u2019Oriental, la M\u00e9diterran\u00e9e, les plaines Nord et Centre et de 11\/18\u00b0C sur les provinces Sud.<\/p>\n<p>\u2013 Temp\u00e9ratures du jour en baisse sur l\u2019Atlas, le Rif, le Sud-Est et le Sud.<\/p>\n<p>\u2013 Mer agit\u00e9e \u00e0 forte sur la M\u00e9diterran\u00e9e, agit\u00e9e sur le D\u00e9troit, agit\u00e9e \u00e0 forte localement et peu agit\u00e9e \u00e0 agit\u00e9e entre Tarfaya et La\u00e2youne.<\/p>\n<p>The post <a rel=\"nofollow\" href=\"https:\/\/www.mapmarrakech.ma\/fr\/previsions-meteorologiques-pour-le-jeudi-24-mars-2022\/\">Pr\u00e9visions m\u00e9t\u00e9orologiques pour le jeudi 24 mars 2022<\/a> appeared first on <a rel=\"nofollow\" href=\"https:\/\/www.mapmarrakech.ma\/fr\">MapMarrakech<\/a>.<\/p>\n<\/div>\n<p>Auteur: Meriem IGASS<br \/>\n<a href=\"https:\/\/www.mapmarrakech.ma\/fr\/previsions-meteorologiques-pour-le-jeudi-24-mars-2022\/\">Cliquez ici pour lire l&rsquo;article depuis sa source.<\/a><\/p>\n","protected":false},"excerpt":{"rendered":"<p>\u2013 Pluies ou averses orageuses sur la M\u00e9diterran\u00e9e, le Rif, le Saiss, l\u2019Atlas, le Centre, le Souss et l\u2019Oriental. \u2013 Pluies \u00e9parses sur le Nord. \u2013 Chutes de neige sur les Haut et Moyen Atlas et sur les Sommets du Rif. \u2013 Temps assez froid sur l\u2019Atlas et le Sud-Est. \u2013 Rafales de vent assez [&hellip;]<\/p>\n","protected":false},"author":1788,"featured_media":0,"comment_status":"closed","ping_status":"closed","sticky":false,"template":"","format":"standard","meta":{"fifu_image_url":"https:\/\/www.mapmarrakech.ma\/map\/uploads\/2022\/03\/pluie-MAP.jpg","fifu_image_alt":"Pr\u00e9visions m\u00e9t\u00e9orologiques pour le jeudi 24 mars 2022","footnotes":""},"categories":[54,76],"tags":[],"class_list":["post-143755","post","type-post","status-publish","format-standard","hentry","category-maroc","category-regions"],"_links":{"self":[{"href":"https:\/\/linitiative.ca\/International\/wp-json\/wp\/v2\/posts\/143755","targetHints":{"allow":["GET"]}}],"collection":[{"href":"https:\/\/linitiative.ca\/International\/wp-json\/wp\/v2\/posts"}],"about":[{"href":"https:\/\/linitiative.ca\/International\/wp-json\/wp\/v2\/types\/post"}],"author":[{"embeddable":true,"href":"https:\/\/linitiative.ca\/International\/wp-json\/wp\/v2\/users\/1788"}],"replies":[{"embeddable":true,"href":"https:\/\/linitiative.ca\/International\/wp-json\/wp\/v2\/comments?post=143755"}],"version-history":[{"count":0,"href":"https:\/\/linitiative.ca\/International\/wp-json\/wp\/v2\/posts\/143755\/revisions"}],"wp:attachment":[{"href":"https:\/\/linitiative.ca\/International\/wp-json\/wp\/v2\/media?parent=143755"}],"wp:term":[{"taxonomy":"category","embeddable":true,"href":"https:\/\/linitiative.ca\/International\/wp-json\/wp\/v2\/categories?post=143755"},{"taxonomy":"post_tag","embeddable":true,"href":"https:\/\/linitiative.ca\/International\/wp-json\/wp\/v2\/tags?post=143755"}],"curies":[{"name":"wp","href":"https:\/\/api.w.org\/{rel}","templated":true}]}}