{"id":143757,"date":"2022-03-23T12:22:16","date_gmt":"2022-03-23T16:22:16","guid":{"rendered":"https:\/\/linitiative.ca\/International\/le-gouvernement-lance-le-soutien-aux-professionnels-du-transport-routier\/"},"modified":"2022-03-23T12:22:16","modified_gmt":"2022-03-23T16:22:16","slug":"le-gouvernement-lance-le-soutien-aux-professionnels-du-transport-routier","status":"publish","type":"post","link":"https:\/\/linitiative.ca\/International\/le-gouvernement-lance-le-soutien-aux-professionnels-du-transport-routier\/","title":{"rendered":"Le gouvernement lance le soutien aux professionnels du transport routier"},"content":{"rendered":"<div>\n<div style=\"margin-bottom:20px;\"><img loading=\"lazy\" decoding=\"async\" width=\"750\" height=\"430\" src=\"https:\/\/linitiative.ca\/International\/wp-content\/uploads\/sites\/23\/2022\/03\/Gare-routiC3A8re-Transport-750C397430-MAP-1.jpg\" class=\"attachment-post-thumbnail size-post-thumbnail wp-post-image\" alt=\"\" srcset=\"https:\/\/linitiative.ca\/International\/wp-content\/uploads\/sites\/23\/2022\/03\/Gare-routiC3A8re-Transport-750C397430-MAP-1.jpg 750w, https:\/\/www.mapoujda.ma\/map\/uploads\/2022\/03\/Gare-routi\u00e8re-Transport-750\u00d7430-MAP-300x172.jpg 300w\" sizes=\"auto, (max-width: 750px) 100vw, 750px\"><\/div>\n<p style=\"text-align: justify;\">Le gouvernement a lanc\u00e9 officiellement, mercredi, le processus de soutien exceptionnel des professionnels du secteur du transport routier, qui a \u00e9t\u00e9 annonc\u00e9 lors du Conseil de gouvernement du 10 mars et qui concernera environ 180 000 v\u00e9hicules.<\/p>\n<p style=\"text-align: justify;\">\u00ab\u00a0Par ce soutien, le gouvernement vise \u00e0 accompagner les professionnels du secteur du transport routier, \u00e0 travers l\u2019att\u00e9nuation des impacts de la hausse des prix du carburant au niveau national, caus\u00e9 par la hausse continue des prix \u00e0 l\u2019international\u00a0\u00bb, indique un communiqu\u00e9 du D\u00e9partement du Chef de gouvernement<\/p>\n<p style=\"text-align: justify;\">Les professionnels du transport routier pourront b\u00e9n\u00e9ficier, \u00e0 partir de la premi\u00e8re semaine du mois d\u2019avril, de ce soutien selon les cat\u00e9gories, via la plateforme https:\/\/mouakaba.transport.gov.ma, explique la m\u00eame source, pr\u00e9cisant que les inscriptions sont ouvertes \u00e0 partir d\u2019aujourd\u2019hui.<\/p>\n<p style=\"text-align: justify;\">Les professionnels du transport public de voyageurs b\u00e9n\u00e9ficieront d\u2019une subvention de 2.200 Dhs pour les grands taxis, 1.600 Dhs pour les petits taxis, 1.800 Dhs pour les v\u00e9hicules de transport mixte dans le monde rural, auxquels s\u2019ajoutent 7.000 Dhs pour les autocars inter-villes et 6.200 Dhs pour les autobus.<\/p>\n<p style=\"text-align: justify;\">S\u2019agissant du transport touristique, les professionnels b\u00e9n\u00e9ficieront d\u2019un soutien financier de 2.800 Dhs au profit des autocars de 1\u00e8re s\u00e9rie, 1.400 Dhs pour les minibus de 2\u00e8me s\u00e9rie et 1.000 Dhs pour les v\u00e9hicules de 3\u00e8me s\u00e9rie (TGR\/TLS).<\/p>\n<p style=\"text-align: justify;\">En ce qui concerne les professionnels du transport de marchandises pour compte d\u2019autrui, un soutien financier de 1.000 Dhs sera allou\u00e9 aux v\u00e9hicules de d\u00e9pannage, 2.600 Dhs pour les camions dont le PTAC est sup\u00e9rieur \u00e0 3,5 tonnes et inf\u00e9rieur \u00e0 14 tonnes, 3.400 Dhs pour les camions dont le PTAC est compris entre 14 et 19 tonnes, et 4.200 Dhs pour les camions dont le PTAC est sup\u00e9rieur \u00e0 19 tonnes, ainsi que 6.000 Dhs au profit des tracteurs routiers.<\/p>\n<p style=\"text-align: justify;\">S\u2019agissant du soutien allou\u00e9 au transport de personnel et au transport scolaire, les professionnels du transport de personnel pour compte d\u2019autrui b\u00e9n\u00e9ficieront d\u2019une aide financi\u00e8re de 1.200 Dhs pour chaque v\u00e9hicule, et de 1.000 Dhs pour chaque v\u00e9hicule affect\u00e9 au transport scolaire pour compte d\u2019autrui.<\/p>\n<p>L\u2019article <a rel=\"nofollow\" href=\"https:\/\/www.mapoujda.ma\/fr\/le-gouvernement-lance-le-soutien-aux-professionnels-du-transport-routier\/\">Le gouvernement lance le soutien aux professionnels du transport routier<\/a> est apparu en premier sur <a rel=\"nofollow\" href=\"https:\/\/www.mapoujda.ma\/fr\">MapOujda<\/a>.<\/p>\n<\/div>\n<p>Auteur: Soufiane ELAHMAR<br \/>\n<a href=\"https:\/\/www.mapoujda.ma\/fr\/le-gouvernement-lance-le-soutien-aux-professionnels-du-transport-routier\/\">Cliquez ici pour lire l&rsquo;article depuis sa source.<\/a><\/p>\n","protected":false},"excerpt":{"rendered":"<p>Le gouvernement a lanc\u00e9 officiellement, mercredi, le processus de soutien exceptionnel des professionnels du secteur du transport routier, qui a \u00e9t\u00e9 annonc\u00e9 lors du Conseil de gouvernement du 10 mars et qui concernera environ 180 000 v\u00e9hicules. \u00ab\u00a0Par ce soutien, le gouvernement vise \u00e0 accompagner les professionnels du secteur du transport routier, \u00e0 travers l\u2019att\u00e9nuation [&hellip;]<\/p>\n","protected":false},"author":1788,"featured_media":0,"comment_status":"closed","ping_status":"closed","sticky":false,"template":"","format":"standard","meta":{"fifu_image_url":"https:\/\/www.mapoujda.ma\/map\/uploads\/2022\/03\/Gare-routi\u00e8re-Transport-750\u00d7430-MAP.jpg","fifu_image_alt":"Le gouvernement lance le soutien aux professionnels du transport routier","footnotes":""},"categories":[54,76],"tags":[],"class_list":["post-143757","post","type-post","status-publish","format-standard","hentry","category-maroc","category-regions"],"_links":{"self":[{"href":"https:\/\/linitiative.ca\/International\/wp-json\/wp\/v2\/posts\/143757","targetHints":{"allow":["GET"]}}],"collection":[{"href":"https:\/\/linitiative.ca\/International\/wp-json\/wp\/v2\/posts"}],"about":[{"href":"https:\/\/linitiative.ca\/International\/wp-json\/wp\/v2\/types\/post"}],"author":[{"embeddable":true,"href":"https:\/\/linitiative.ca\/International\/wp-json\/wp\/v2\/users\/1788"}],"replies":[{"embeddable":true,"href":"https:\/\/linitiative.ca\/International\/wp-json\/wp\/v2\/comments?post=143757"}],"version-history":[{"count":0,"href":"https:\/\/linitiative.ca\/International\/wp-json\/wp\/v2\/posts\/143757\/revisions"}],"wp:attachment":[{"href":"https:\/\/linitiative.ca\/International\/wp-json\/wp\/v2\/media?parent=143757"}],"wp:term":[{"taxonomy":"category","embeddable":true,"href":"https:\/\/linitiative.ca\/International\/wp-json\/wp\/v2\/categories?post=143757"},{"taxonomy":"post_tag","embeddable":true,"href":"https:\/\/linitiative.ca\/International\/wp-json\/wp\/v2\/tags?post=143757"}],"curies":[{"name":"wp","href":"https:\/\/api.w.org\/{rel}","templated":true}]}}