{"id":143759,"date":"2022-03-23T12:46:43","date_gmt":"2022-03-23T16:46:43","guid":{"rendered":"https:\/\/linitiative.ca\/International\/programme-intelaka-22-875-credits-accordes-en-2021\/"},"modified":"2022-03-23T12:46:43","modified_gmt":"2022-03-23T16:46:43","slug":"programme-intelaka-22-875-credits-accordes-en-2021","status":"publish","type":"post","link":"https:\/\/linitiative.ca\/International\/programme-intelaka-22-875-credits-accordes-en-2021\/","title":{"rendered":"Programme Intelaka: 22.875 cr\u00e9dits accord\u00e9s en 2021"},"content":{"rendered":"<div>\n<div style=\"margin-bottom:20px;\"><img loading=\"lazy\" decoding=\"async\" width=\"750\" height=\"430\" src=\"https:\/\/linitiative.ca\/International\/wp-content\/uploads\/sites\/23\/2022\/03\/programme-intelaka-aides-caravane-750C397430-MAP.jpg\" class=\"attachment-post-thumbnail size-post-thumbnail wp-post-image\" alt=\"\" srcset=\"https:\/\/linitiative.ca\/International\/wp-content\/uploads\/sites\/23\/2022\/03\/programme-intelaka-aides-caravane-750C397430-MAP.jpg 750w, https:\/\/www.mapoujda.ma\/map\/uploads\/2022\/03\/programme-intelaka-aides-caravane-750\u00d7430-MAP-300x172.jpg 300w\" sizes=\"auto, (max-width: 750px) 100vw, 750px\"><\/div>\n<div>\n<p style=\"text-align: justify;\">Le nombre de cr\u00e9dits accord\u00e9s dans le cadre du programme int\u00e9gr\u00e9 \u00ab\u00a0Intelaka\u00a0\u00bb a atteint 22.875 cr\u00e9dits, au cours de l\u2019exercice 2021, pour un volume d\u2019engagements de plus de 3,8 milliards de dirhams (MMDH), marquant une hausse de 22% par rapport \u00e0 2020.<\/p>\n<p style=\"text-align: justify;\">Toutes les r\u00e9gions du Royaume ont b\u00e9n\u00e9fici\u00e9 du programme \u00ab\u00a0Intelaka\u00a0\u00bb, indique la Soci\u00e9t\u00e9 Nationale de Garantie et du Financement de l\u2019Entreprise (SNGFE), portant le nom de marque Tamwilcom, dans un communiqu\u00e9 publi\u00e9 \u00e0 l\u2019issue de son 3\u00e8me Conseil d\u2019administration tenu, mardi \u00e0 Rabat, sous la pr\u00e9sidence de la ministre de l\u2019\u00c9conomie et des Finances, Nadia Fettah Alaoui.<\/p>\n<p style=\"text-align: justify;\">La r\u00e9gion de Casablanca-Settat vient en t\u00eate avec plus de 26% du volume des cr\u00e9dits garantis, suivie des r\u00e9gions de Rabat-Sal\u00e9-K\u00e9nitra (15%) et Marrakech-Safi (12%), pr\u00e9cise la m\u00eame source.<\/p>\n<p style=\"text-align: justify;\">Lanc\u00e9 en f\u00e9vrier 2020 sur Hautes Orientations Royales, le programme \u00ab\u00a0Intelaka\u00a0\u00bb est destin\u00e9 \u00e0 faciliter l\u2019acc\u00e8s au financement des jeunes porteurs de projets, des auto-entrepreneurs et des TPE aussi bien en milieu urbain qu\u2019en milieu rural, rappelle-t-on.<\/p>\n<p style=\"text-align: justify;\">Le conseil d\u2019administration de Tamwilcom a \u00e9t\u00e9 consacr\u00e9 principalement \u00e0 l\u2019examen du rapport de gestion et \u00e0 l\u2019arr\u00eat\u00e9 des comptes au titre de l\u2019exercice 2021.<\/p>\n<p style=\"text-align: justify;\">Les travaux de cette r\u00e9union ont \u00e9galement mis en avant les mesures mises en place r\u00e9cemment pour l\u2019appui au financement des entreprises pour att\u00e9nuer les effets de la crise sur leur tr\u00e9sorerie, et qui portent sur le rel\u00e8vement des plafonds de garantie des produits \u00ab\u00a0Damane Atassyir\u00a0\u00bb et \u00ab\u00a0Damane Istitmar\u00a0\u00bb et le r\u00e9\u00e9chelonnement des cr\u00e9dits couverts de la garantie \u00ab\u00a0Damane Oxyg\u00e8ne\u00a0\u00bb et \u00ab\u00a0Damane Relance\u00a0\u00bb pour une dur\u00e9e suppl\u00e9mentaire pouvant atteindre trois ans.<\/p>\n<\/div>\n<p>L\u2019article <a rel=\"nofollow\" href=\"https:\/\/www.mapoujda.ma\/fr\/programme-intelaka-22-875-credits-accordes-en-2021\/\">Programme Intelaka: 22.875 cr\u00e9dits accord\u00e9s en 2021<\/a> est apparu en premier sur <a rel=\"nofollow\" href=\"https:\/\/www.mapoujda.ma\/fr\">MapOujda<\/a>.<\/p>\n<\/div>\n<p>Auteur: Soufiane ELAHMAR<br \/>\n<a href=\"https:\/\/www.mapoujda.ma\/fr\/programme-intelaka-22-875-credits-accordes-en-2021\/\">Cliquez ici pour lire l&rsquo;article depuis sa source.<\/a><\/p>\n","protected":false},"excerpt":{"rendered":"<p>Le nombre de cr\u00e9dits accord\u00e9s dans le cadre du programme int\u00e9gr\u00e9 \u00ab\u00a0Intelaka\u00a0\u00bb a atteint 22.875 cr\u00e9dits, au cours de l\u2019exercice 2021, pour un volume d\u2019engagements de plus de 3,8 milliards de dirhams (MMDH), marquant une hausse de 22% par rapport \u00e0 2020. Toutes les r\u00e9gions du Royaume ont b\u00e9n\u00e9fici\u00e9 du programme \u00ab\u00a0Intelaka\u00a0\u00bb, indique la Soci\u00e9t\u00e9 [&hellip;]<\/p>\n","protected":false},"author":1788,"featured_media":0,"comment_status":"closed","ping_status":"closed","sticky":false,"template":"","format":"standard","meta":{"fifu_image_url":"https:\/\/www.mapoujda.ma\/map\/uploads\/2022\/03\/programme-intelaka-aides-caravane-750\u00d7430-MAP.jpg","fifu_image_alt":"Programme Intelaka: 22.875 cr\u00e9dits accord\u00e9s en 2021","footnotes":""},"categories":[54,76],"tags":[],"class_list":["post-143759","post","type-post","status-publish","format-standard","hentry","category-maroc","category-regions"],"_links":{"self":[{"href":"https:\/\/linitiative.ca\/International\/wp-json\/wp\/v2\/posts\/143759","targetHints":{"allow":["GET"]}}],"collection":[{"href":"https:\/\/linitiative.ca\/International\/wp-json\/wp\/v2\/posts"}],"about":[{"href":"https:\/\/linitiative.ca\/International\/wp-json\/wp\/v2\/types\/post"}],"author":[{"embeddable":true,"href":"https:\/\/linitiative.ca\/International\/wp-json\/wp\/v2\/users\/1788"}],"replies":[{"embeddable":true,"href":"https:\/\/linitiative.ca\/International\/wp-json\/wp\/v2\/comments?post=143759"}],"version-history":[{"count":0,"href":"https:\/\/linitiative.ca\/International\/wp-json\/wp\/v2\/posts\/143759\/revisions"}],"wp:attachment":[{"href":"https:\/\/linitiative.ca\/International\/wp-json\/wp\/v2\/media?parent=143759"}],"wp:term":[{"taxonomy":"category","embeddable":true,"href":"https:\/\/linitiative.ca\/International\/wp-json\/wp\/v2\/categories?post=143759"},{"taxonomy":"post_tag","embeddable":true,"href":"https:\/\/linitiative.ca\/International\/wp-json\/wp\/v2\/tags?post=143759"}],"curies":[{"name":"wp","href":"https:\/\/api.w.org\/{rel}","templated":true}]}}