{"id":143761,"date":"2022-03-23T10:59:05","date_gmt":"2022-03-23T14:59:05","guid":{"rendered":"https:\/\/linitiative.ca\/International\/sahara-pedro-sanchez-promet-des-relations-plus-solides-avec-rabat\/"},"modified":"2022-03-23T10:59:05","modified_gmt":"2022-03-23T14:59:05","slug":"sahara-pedro-sanchez-promet-des-relations-plus-solides-avec-rabat","status":"publish","type":"post","link":"https:\/\/linitiative.ca\/International\/sahara-pedro-sanchez-promet-des-relations-plus-solides-avec-rabat\/","title":{"rendered":"Sahara: Pedro Sanchez promet des relations \u00ab plus solides \u00bb avec Rabat"},"content":{"rendered":"<div>\n<div class=\"field field-name-body field-type-text-with-summary field-label-hidden\">\n<div class=\"field-items\">\n<div class=\"field-item even\" property=\"content:encoded\">\n<p class=\"rtejustify\">Le Premier ministre espagnol Pedro Sanchez a promis, mercredi, des relations \u00ab plus solides \u00bb avec le Maroc lors d&rsquo;un d\u00e9placement \u00e0 Sebta durant lequel il s&rsquo;est exprim\u00e9 sur la nouvelle position de Madrid\u00a0sur le Sahara.<\/p>\n<\/div>\n<\/div>\n<\/div>\n<\/div>\n<p>Auteur: hgueye<br \/>\n<a href=\"https:\/\/www.leconomiste.com\/flash-infos\/sahara-pedro-sanchez-promet-des-relations-plus-solides-avec-rabat\">Cliquez ici pour lire l&rsquo;article depuis sa source.<\/a><\/p>\n","protected":false},"excerpt":{"rendered":"<p>Le Premier ministre espagnol Pedro Sanchez a promis, mercredi, des relations \u00ab plus solides \u00bb avec le Maroc lors d&rsquo;un d\u00e9placement \u00e0 Sebta durant lequel il s&rsquo;est exprim\u00e9 sur la nouvelle position de Madrid\u00a0sur le Sahara. Auteur: hgueye Cliquez ici pour lire l&rsquo;article depuis sa source.<\/p>\n","protected":false},"author":1763,"featured_media":0,"comment_status":"closed","ping_status":"closed","sticky":false,"template":"","format":"standard","meta":{"fifu_image_url":"","fifu_image_alt":"","footnotes":""},"categories":[78,54],"tags":[],"class_list":["post-143761","post","type-post","status-publish","format-standard","hentry","category-economie","category-maroc"],"_links":{"self":[{"href":"https:\/\/linitiative.ca\/International\/wp-json\/wp\/v2\/posts\/143761","targetHints":{"allow":["GET"]}}],"collection":[{"href":"https:\/\/linitiative.ca\/International\/wp-json\/wp\/v2\/posts"}],"about":[{"href":"https:\/\/linitiative.ca\/International\/wp-json\/wp\/v2\/types\/post"}],"author":[{"embeddable":true,"href":"https:\/\/linitiative.ca\/International\/wp-json\/wp\/v2\/users\/1763"}],"replies":[{"embeddable":true,"href":"https:\/\/linitiative.ca\/International\/wp-json\/wp\/v2\/comments?post=143761"}],"version-history":[{"count":0,"href":"https:\/\/linitiative.ca\/International\/wp-json\/wp\/v2\/posts\/143761\/revisions"}],"wp:attachment":[{"href":"https:\/\/linitiative.ca\/International\/wp-json\/wp\/v2\/media?parent=143761"}],"wp:term":[{"taxonomy":"category","embeddable":true,"href":"https:\/\/linitiative.ca\/International\/wp-json\/wp\/v2\/categories?post=143761"},{"taxonomy":"post_tag","embeddable":true,"href":"https:\/\/linitiative.ca\/International\/wp-json\/wp\/v2\/tags?post=143761"}],"curies":[{"name":"wp","href":"https:\/\/api.w.org\/{rel}","templated":true}]}}