{"id":143762,"date":"2022-03-23T11:36:31","date_gmt":"2022-03-23T15:36:31","guid":{"rendered":"https:\/\/linitiative.ca\/International\/covid-60-nouveaux-cas-et-2-deces\/"},"modified":"2022-03-23T11:36:31","modified_gmt":"2022-03-23T15:36:31","slug":"covid-60-nouveaux-cas-et-2-deces","status":"publish","type":"post","link":"https:\/\/linitiative.ca\/International\/covid-60-nouveaux-cas-et-2-deces\/","title":{"rendered":"Covid: 60 nouveaux cas et 2 d\u00e9c\u00e8s"},"content":{"rendered":"<div>\n<div class=\"field field-name-body field-type-text-with-summary field-label-hidden\">\n<div class=\"field-items\">\n<div class=\"field-item even\" property=\"content:encoded\">\n<p class=\"rtejustify\" style='color: rgb(51, 51, 51); font-family: sans-serif, Arial, Verdana, \"Trebuchet MS\"; font-size: 13px;'>Un total de\u00a0<strong>60 <\/strong>nouveaux cas d&rsquo;infection au Covid-19, <strong>62 <\/strong>gu\u00e9risons et <strong>2 <\/strong>d\u00e9c\u00e8s\u00a0ont \u00e9t\u00e9 enregistr\u00e9s au Maroc pendant les derni\u00e8res 24 heures, a indiqu\u00e9 <strong>mercredi <\/strong>le minist\u00e8re de la Sant\u00e9 et de la protection sociale.<\/p>\n<\/div>\n<\/div>\n<\/div>\n<\/div>\n<p>Auteur: mbasraoui<br \/>\n<a href=\"https:\/\/www.leconomiste.com\/flash-infos\/covid-60-nouveaux-cas-et-2-deces\">Cliquez ici pour lire l&rsquo;article depuis sa source.<\/a><\/p>\n","protected":false},"excerpt":{"rendered":"<p>Un total de\u00a060 nouveaux cas d&rsquo;infection au Covid-19, 62 gu\u00e9risons et 2 d\u00e9c\u00e8s\u00a0ont \u00e9t\u00e9 enregistr\u00e9s au Maroc pendant les derni\u00e8res 24 heures, a indiqu\u00e9 mercredi le minist\u00e8re de la Sant\u00e9 et de la protection sociale. Auteur: mbasraoui Cliquez ici pour lire l&rsquo;article depuis sa source.<\/p>\n","protected":false},"author":1763,"featured_media":0,"comment_status":"closed","ping_status":"closed","sticky":false,"template":"","format":"standard","meta":{"fifu_image_url":"","fifu_image_alt":"","footnotes":""},"categories":[78,54],"tags":[],"class_list":["post-143762","post","type-post","status-publish","format-standard","hentry","category-economie","category-maroc"],"_links":{"self":[{"href":"https:\/\/linitiative.ca\/International\/wp-json\/wp\/v2\/posts\/143762","targetHints":{"allow":["GET"]}}],"collection":[{"href":"https:\/\/linitiative.ca\/International\/wp-json\/wp\/v2\/posts"}],"about":[{"href":"https:\/\/linitiative.ca\/International\/wp-json\/wp\/v2\/types\/post"}],"author":[{"embeddable":true,"href":"https:\/\/linitiative.ca\/International\/wp-json\/wp\/v2\/users\/1763"}],"replies":[{"embeddable":true,"href":"https:\/\/linitiative.ca\/International\/wp-json\/wp\/v2\/comments?post=143762"}],"version-history":[{"count":0,"href":"https:\/\/linitiative.ca\/International\/wp-json\/wp\/v2\/posts\/143762\/revisions"}],"wp:attachment":[{"href":"https:\/\/linitiative.ca\/International\/wp-json\/wp\/v2\/media?parent=143762"}],"wp:term":[{"taxonomy":"category","embeddable":true,"href":"https:\/\/linitiative.ca\/International\/wp-json\/wp\/v2\/categories?post=143762"},{"taxonomy":"post_tag","embeddable":true,"href":"https:\/\/linitiative.ca\/International\/wp-json\/wp\/v2\/tags?post=143762"}],"curies":[{"name":"wp","href":"https:\/\/api.w.org\/{rel}","templated":true}]}}