{"id":143763,"date":"2022-03-23T11:41:40","date_gmt":"2022-03-23T15:41:40","guid":{"rendered":"https:\/\/linitiative.ca\/International\/air-france-de-retour-a-agadir-et-tanger\/"},"modified":"2022-03-23T11:41:40","modified_gmt":"2022-03-23T15:41:40","slug":"air-france-de-retour-a-agadir-et-tanger","status":"publish","type":"post","link":"https:\/\/linitiative.ca\/International\/air-france-de-retour-a-agadir-et-tanger\/","title":{"rendered":"Air France de retour \u00e0 Agadir et Tanger"},"content":{"rendered":"<div>\n<div class=\"field field-name-body field-type-text-with-summary field-label-hidden\">\n<div class=\"field-items\">\n<div class=\"field-item even\" property=\"content:encoded\">\n<p class=\"rtejustify\">Air France effectuera son retour sur Agadir et Tanger cet \u00e9t\u00e9. L&rsquo;annonce est de l&rsquo;Office national marocain du tourisme (ONMT) qui a ratifi\u00e9 un contrat de partenariat record pour la saison \u00c9t\u00e9 20222. La compagnie mettra ainsi en place une offre de plus de 500.000 si\u00e8ges vers le Maroc au d\u00e9part de la France, soit une \u00e9volution de 7% par rapport \u00e0 l&rsquo;\u00e9t\u00e9 2019 (ann\u00e9e r\u00e9f\u00e9rence pr\u00e9-Covid), indique un communiqu\u00e9 de l&rsquo;ONMT.<\/p>\n<\/div>\n<\/div>\n<\/div>\n<\/div>\n<p>Auteur: hgueye<br \/>\n<a href=\"https:\/\/www.leconomiste.com\/flash-infos\/air-france-de-retour-agadir-et-tanger\">Cliquez ici pour lire l&rsquo;article depuis sa source.<\/a><\/p>\n","protected":false},"excerpt":{"rendered":"<p>Air France effectuera son retour sur Agadir et Tanger cet \u00e9t\u00e9. L&rsquo;annonce est de l&rsquo;Office national marocain du tourisme (ONMT) qui a ratifi\u00e9 un contrat de partenariat record pour la saison \u00c9t\u00e9 20222. La compagnie mettra ainsi en place une offre de plus de 500.000 si\u00e8ges vers le Maroc au d\u00e9part de la France, soit [&hellip;]<\/p>\n","protected":false},"author":1763,"featured_media":0,"comment_status":"closed","ping_status":"closed","sticky":false,"template":"","format":"standard","meta":{"fifu_image_url":"","fifu_image_alt":"","footnotes":""},"categories":[78,54],"tags":[],"class_list":["post-143763","post","type-post","status-publish","format-standard","hentry","category-economie","category-maroc"],"_links":{"self":[{"href":"https:\/\/linitiative.ca\/International\/wp-json\/wp\/v2\/posts\/143763","targetHints":{"allow":["GET"]}}],"collection":[{"href":"https:\/\/linitiative.ca\/International\/wp-json\/wp\/v2\/posts"}],"about":[{"href":"https:\/\/linitiative.ca\/International\/wp-json\/wp\/v2\/types\/post"}],"author":[{"embeddable":true,"href":"https:\/\/linitiative.ca\/International\/wp-json\/wp\/v2\/users\/1763"}],"replies":[{"embeddable":true,"href":"https:\/\/linitiative.ca\/International\/wp-json\/wp\/v2\/comments?post=143763"}],"version-history":[{"count":0,"href":"https:\/\/linitiative.ca\/International\/wp-json\/wp\/v2\/posts\/143763\/revisions"}],"wp:attachment":[{"href":"https:\/\/linitiative.ca\/International\/wp-json\/wp\/v2\/media?parent=143763"}],"wp:term":[{"taxonomy":"category","embeddable":true,"href":"https:\/\/linitiative.ca\/International\/wp-json\/wp\/v2\/categories?post=143763"},{"taxonomy":"post_tag","embeddable":true,"href":"https:\/\/linitiative.ca\/International\/wp-json\/wp\/v2\/tags?post=143763"}],"curies":[{"name":"wp","href":"https:\/\/api.w.org\/{rel}","templated":true}]}}