{"id":143764,"date":"2022-03-23T12:24:19","date_gmt":"2022-03-23T16:24:19","guid":{"rendered":"https:\/\/linitiative.ca\/International\/le-maroc-et-israel-scellent-un-mou-dans-laeronautique\/"},"modified":"2022-03-23T12:24:19","modified_gmt":"2022-03-23T16:24:19","slug":"le-maroc-et-israel-scellent-un-mou-dans-laeronautique","status":"publish","type":"post","link":"https:\/\/linitiative.ca\/International\/le-maroc-et-israel-scellent-un-mou-dans-laeronautique\/","title":{"rendered":"Le Maroc et Isra\u00ebl scellent un MoU dans l\u2019a\u00e9ronautique"},"content":{"rendered":"<div>\n<div class=\"field field-name-body field-type-text-with-summary field-label-hidden\">\n<div class=\"field-items\">\n<div class=\"field-item even\" property=\"content:encoded\">\n<p class=\"rtejustify\">Le Maroc et Isra\u00ebl s\u2019allient dans l\u2019industrie a\u00e9ronautique. Les deux pays ont conclu, mercredi, un m\u00e9morandum d\u2019entente (MoU) dans ce domaine. L\u2019accord, sign\u00e9 par le ministre de l\u2019Industrie et du Commerce, Ryad Mezzour, et le pr\u00e9sident du conseil d\u2019administration de l&rsquo;entreprise a\u00e9rospatiale et de d\u00e9fense de classe mondiale\u00a0Israel Aerospace Industries (IAI), Amir Peretz, s\u2019inscrit dans le cadre de la mise en \u0153uvre de la D\u00e9claration conjointe entre le Maroc et Isra\u00ebl sign\u00e9e, le 22 d\u00e9cembre 2020 \u00e0 Rabat.<\/p>\n<\/div>\n<\/div>\n<\/div>\n<\/div>\n<p>Auteur: hgueye<br \/>\n<a href=\"https:\/\/www.leconomiste.com\/flash-infos\/le-maroc-et-israel-scellent-un-mou-dans-l-aeronautique\">Cliquez ici pour lire l&rsquo;article depuis sa source.<\/a><\/p>\n","protected":false},"excerpt":{"rendered":"<p>Le Maroc et Isra\u00ebl s\u2019allient dans l\u2019industrie a\u00e9ronautique. Les deux pays ont conclu, mercredi, un m\u00e9morandum d\u2019entente (MoU) dans ce domaine. L\u2019accord, sign\u00e9 par le ministre de l\u2019Industrie et du Commerce, Ryad Mezzour, et le pr\u00e9sident du conseil d\u2019administration de l&rsquo;entreprise a\u00e9rospatiale et de d\u00e9fense de classe mondiale\u00a0Israel Aerospace Industries (IAI), Amir Peretz, s\u2019inscrit dans [&hellip;]<\/p>\n","protected":false},"author":1763,"featured_media":0,"comment_status":"closed","ping_status":"closed","sticky":false,"template":"","format":"standard","meta":{"fifu_image_url":"","fifu_image_alt":"","footnotes":""},"categories":[78,54],"tags":[],"class_list":["post-143764","post","type-post","status-publish","format-standard","hentry","category-economie","category-maroc"],"_links":{"self":[{"href":"https:\/\/linitiative.ca\/International\/wp-json\/wp\/v2\/posts\/143764","targetHints":{"allow":["GET"]}}],"collection":[{"href":"https:\/\/linitiative.ca\/International\/wp-json\/wp\/v2\/posts"}],"about":[{"href":"https:\/\/linitiative.ca\/International\/wp-json\/wp\/v2\/types\/post"}],"author":[{"embeddable":true,"href":"https:\/\/linitiative.ca\/International\/wp-json\/wp\/v2\/users\/1763"}],"replies":[{"embeddable":true,"href":"https:\/\/linitiative.ca\/International\/wp-json\/wp\/v2\/comments?post=143764"}],"version-history":[{"count":0,"href":"https:\/\/linitiative.ca\/International\/wp-json\/wp\/v2\/posts\/143764\/revisions"}],"wp:attachment":[{"href":"https:\/\/linitiative.ca\/International\/wp-json\/wp\/v2\/media?parent=143764"}],"wp:term":[{"taxonomy":"category","embeddable":true,"href":"https:\/\/linitiative.ca\/International\/wp-json\/wp\/v2\/categories?post=143764"},{"taxonomy":"post_tag","embeddable":true,"href":"https:\/\/linitiative.ca\/International\/wp-json\/wp\/v2\/tags?post=143764"}],"curies":[{"name":"wp","href":"https:\/\/api.w.org\/{rel}","templated":true}]}}