{"id":143765,"date":"2022-03-23T13:12:32","date_gmt":"2022-03-23T17:12:32","guid":{"rendered":"https:\/\/linitiative.ca\/International\/visite-imminente-de-jose-manuel-albares-au-maroc\/"},"modified":"2022-03-23T13:12:32","modified_gmt":"2022-03-23T17:12:32","slug":"visite-imminente-de-jose-manuel-albares-au-maroc","status":"publish","type":"post","link":"https:\/\/linitiative.ca\/International\/visite-imminente-de-jose-manuel-albares-au-maroc\/","title":{"rendered":"Visite imminente de Jos\u00e9 Manuel Albares au Maroc"},"content":{"rendered":"<div>\n<div class=\"field field-name-body field-type-text-with-summary field-label-hidden\">\n<div class=\"field-items\">\n<div class=\"field-item even\" property=\"content:encoded\">\n<p>\u00a0Le ministre espagnol des Affaires \u00e9trang\u00e8res, de l&rsquo;Union Europ\u00e9enne et de la Coop\u00e9ration, Jos\u00e9 Manuel Albares, a annonc\u00e9, mercredi, qu\u2019il effectuera une visite au Maroc le 1er avril.<\/p>\n<p>Le chef de la diplomatie espagnole, qui a fait cette annonce devant la Commission des Affaires \u00e9trang\u00e8res du Congr\u00e8s des d\u00e9put\u00e9s, a affirm\u00e9 qu&rsquo;il aura des entretiens notamment avec son homologue marocain, Nasser Bourita.<\/p>\n<\/div>\n<\/div>\n<\/div>\n<\/div>\n<p>Auteur: mbasraoui<br \/>\n<a href=\"https:\/\/www.leconomiste.com\/flash-infos\/visite-imminente-de-jose-manuel-albares-au-maroc\">Cliquez ici pour lire l&rsquo;article depuis sa source.<\/a><\/p>\n","protected":false},"excerpt":{"rendered":"<p>\u00a0Le ministre espagnol des Affaires \u00e9trang\u00e8res, de l&rsquo;Union Europ\u00e9enne et de la Coop\u00e9ration, Jos\u00e9 Manuel Albares, a annonc\u00e9, mercredi, qu\u2019il effectuera une visite au Maroc le 1er avril. Le chef de la diplomatie espagnole, qui a fait cette annonce devant la Commission des Affaires \u00e9trang\u00e8res du Congr\u00e8s des d\u00e9put\u00e9s, a affirm\u00e9 qu&rsquo;il aura des entretiens [&hellip;]<\/p>\n","protected":false},"author":1763,"featured_media":0,"comment_status":"closed","ping_status":"closed","sticky":false,"template":"","format":"standard","meta":{"fifu_image_url":"","fifu_image_alt":"","footnotes":""},"categories":[78,54],"tags":[],"class_list":["post-143765","post","type-post","status-publish","format-standard","hentry","category-economie","category-maroc"],"_links":{"self":[{"href":"https:\/\/linitiative.ca\/International\/wp-json\/wp\/v2\/posts\/143765","targetHints":{"allow":["GET"]}}],"collection":[{"href":"https:\/\/linitiative.ca\/International\/wp-json\/wp\/v2\/posts"}],"about":[{"href":"https:\/\/linitiative.ca\/International\/wp-json\/wp\/v2\/types\/post"}],"author":[{"embeddable":true,"href":"https:\/\/linitiative.ca\/International\/wp-json\/wp\/v2\/users\/1763"}],"replies":[{"embeddable":true,"href":"https:\/\/linitiative.ca\/International\/wp-json\/wp\/v2\/comments?post=143765"}],"version-history":[{"count":0,"href":"https:\/\/linitiative.ca\/International\/wp-json\/wp\/v2\/posts\/143765\/revisions"}],"wp:attachment":[{"href":"https:\/\/linitiative.ca\/International\/wp-json\/wp\/v2\/media?parent=143765"}],"wp:term":[{"taxonomy":"category","embeddable":true,"href":"https:\/\/linitiative.ca\/International\/wp-json\/wp\/v2\/categories?post=143765"},{"taxonomy":"post_tag","embeddable":true,"href":"https:\/\/linitiative.ca\/International\/wp-json\/wp\/v2\/tags?post=143765"}],"curies":[{"name":"wp","href":"https:\/\/api.w.org\/{rel}","templated":true}]}}