{"id":143768,"date":"2022-03-23T08:08:00","date_gmt":"2022-03-23T12:08:00","guid":{"rendered":"https:\/\/linitiative.ca\/International\/cameroun-algerie-a-quelle-heure-et-sur-quelle-chaine-voir-le-match\/"},"modified":"2022-03-23T08:08:00","modified_gmt":"2022-03-23T12:08:00","slug":"cameroun-algerie-a-quelle-heure-et-sur-quelle-chaine-voir-le-match","status":"publish","type":"post","link":"https:\/\/linitiative.ca\/International\/cameroun-algerie-a-quelle-heure-et-sur-quelle-chaine-voir-le-match\/","title":{"rendered":"Cameroun-Alg\u00e9rie : A quelle heure et sur quelle chaine voir le match"},"content":{"rendered":"<div>La s\u00e9lection nationale s&rsquo;appr\u00eate \u00e0 jouer ce vendredi son premier des deux matchs de barrages face au Cameroun<\/div>\n<p>Auteur:<br \/>\n<a href=\"https:\/\/www.lebuteur.com\/article\/detail?titre=cameroun-algerie-a-quelle-heure-et-sur-quelle-chaine-voir-le-match&#038;id=102552\">Cliquez ici pour lire l&rsquo;article depuis sa source.<\/a><\/p>\n","protected":false},"excerpt":{"rendered":"<p>La s\u00e9lection nationale s&rsquo;appr\u00eate \u00e0 jouer ce vendredi son premier des deux matchs de barrages face au Cameroun Auteur: Cliquez ici pour lire l&rsquo;article depuis sa source.<\/p>\n","protected":false},"author":1738,"featured_media":0,"comment_status":"closed","ping_status":"closed","sticky":false,"template":"","format":"standard","meta":{"fifu_image_url":"","fifu_image_alt":"","footnotes":""},"categories":[53,75],"tags":[],"class_list":["post-143768","post","type-post","status-publish","format-standard","hentry","category-algerie","category-sport"],"_links":{"self":[{"href":"https:\/\/linitiative.ca\/International\/wp-json\/wp\/v2\/posts\/143768","targetHints":{"allow":["GET"]}}],"collection":[{"href":"https:\/\/linitiative.ca\/International\/wp-json\/wp\/v2\/posts"}],"about":[{"href":"https:\/\/linitiative.ca\/International\/wp-json\/wp\/v2\/types\/post"}],"author":[{"embeddable":true,"href":"https:\/\/linitiative.ca\/International\/wp-json\/wp\/v2\/users\/1738"}],"replies":[{"embeddable":true,"href":"https:\/\/linitiative.ca\/International\/wp-json\/wp\/v2\/comments?post=143768"}],"version-history":[{"count":0,"href":"https:\/\/linitiative.ca\/International\/wp-json\/wp\/v2\/posts\/143768\/revisions"}],"wp:attachment":[{"href":"https:\/\/linitiative.ca\/International\/wp-json\/wp\/v2\/media?parent=143768"}],"wp:term":[{"taxonomy":"category","embeddable":true,"href":"https:\/\/linitiative.ca\/International\/wp-json\/wp\/v2\/categories?post=143768"},{"taxonomy":"post_tag","embeddable":true,"href":"https:\/\/linitiative.ca\/International\/wp-json\/wp\/v2\/tags?post=143768"}],"curies":[{"name":"wp","href":"https:\/\/api.w.org\/{rel}","templated":true}]}}