{"id":143774,"date":"2022-03-23T04:50:00","date_gmt":"2022-03-23T08:50:00","guid":{"rendered":"https:\/\/linitiative.ca\/International\/medias-et-publicitaires-concernes-par-le-decret-loi-relatif-a-la-speculation-illegale\/"},"modified":"2022-03-23T04:50:00","modified_gmt":"2022-03-23T08:50:00","slug":"medias-et-publicitaires-concernes-par-le-decret-loi-relatif-a-la-speculation-illegale","status":"publish","type":"post","link":"https:\/\/linitiative.ca\/International\/medias-et-publicitaires-concernes-par-le-decret-loi-relatif-a-la-speculation-illegale\/","title":{"rendered":"M\u00e9dias et publicitaires concern\u00e9s par le d\u00e9cret-loi relatif \u00e0 la sp\u00e9culation ill\u00e9gale"},"content":{"rendered":"<div><img decoding=\"async\" src=\"https:\/\/linitiative.ca\/International\/wp-content\/uploads\/sites\/23\/2022\/03\/1648042676_article.jpg\" alt=\"M\u00e9dias et publicitaires concern\u00e9s par le d\u00e9cret-loi relatif \u00e0 la sp\u00e9culation ill\u00e9gale\" align=\"left\">Le texte est clair. Le d\u00e9cret-loi N\u00b014, en date du 20 mars 2022, relatif \u00e0 la lutte contre la sp\u00e9culation ill\u00e9gale s\u2019\u00e9tend \u00e9galement aux journalistes, m\u00e9dias et agences de publicit\u00e9. Sans les mentionner nomm\u00e9ment, il stipule en son article 3 qu\u2019st consid\u00e9r\u00e9 parmi les auteurs principaux \u00abquiconque aura intentionnellement propag\u00e9 des informations, ou de fausses donn\u00e9es en vue d\u2019inciter le consommateur \u00e0 renoncer \u00e0 l\u2019achat, ou pour but d\u2019introduire des perturbations sur l\u2019approvisionnement du march\u00e9, et l\u2019augmentation des prix, en toute surprise et sans justificatif.\u00bb (Traduction non-officielle, en attendant la parution au JORT de la version en langue &#8230;<\/p>\n<\/div>\n<p>Auteur:<br \/>\n<a href=\"https:\/\/www.leaders.com.tn\/article\/33124-medias-et-publicitaires-concernes-par-le-decret-loi-relatif-a-la-speculation-illegale\">Cliquez ici pour lire l&rsquo;article depuis sa source.<\/a><\/p>\n","protected":false},"excerpt":{"rendered":"<p>Le texte est clair. Le d\u00e9cret-loi N\u00b014, en date du 20 mars 2022, relatif \u00e0 la lutte contre la sp\u00e9culation ill\u00e9gale s\u2019\u00e9tend \u00e9galement aux journalistes, m\u00e9dias et agences de publicit\u00e9. Sans les mentionner nomm\u00e9ment, il stipule en son article 3 qu\u2019st consid\u00e9r\u00e9 parmi les auteurs principaux \u00abquiconque aura intentionnellement propag\u00e9 des informations, ou de fausses [&hellip;]<\/p>\n","protected":false},"author":1772,"featured_media":0,"comment_status":"closed","ping_status":"closed","sticky":false,"template":"","format":"standard","meta":{"fifu_image_url":"http:\/\/www.leaders.com.tn\/uploads\/content\/thumbnails_small\/1648042676_article.jpg","fifu_image_alt":"M\u00e9dias et publicitaires concern\u00e9s par le d\u00e9cret-loi relatif \u00e0 la sp\u00e9culation ill\u00e9gale","footnotes":""},"categories":[73,55],"tags":[],"class_list":["post-143774","post","type-post","status-publish","format-standard","hentry","category-actualite","category-tunisie"],"_links":{"self":[{"href":"https:\/\/linitiative.ca\/International\/wp-json\/wp\/v2\/posts\/143774","targetHints":{"allow":["GET"]}}],"collection":[{"href":"https:\/\/linitiative.ca\/International\/wp-json\/wp\/v2\/posts"}],"about":[{"href":"https:\/\/linitiative.ca\/International\/wp-json\/wp\/v2\/types\/post"}],"author":[{"embeddable":true,"href":"https:\/\/linitiative.ca\/International\/wp-json\/wp\/v2\/users\/1772"}],"replies":[{"embeddable":true,"href":"https:\/\/linitiative.ca\/International\/wp-json\/wp\/v2\/comments?post=143774"}],"version-history":[{"count":0,"href":"https:\/\/linitiative.ca\/International\/wp-json\/wp\/v2\/posts\/143774\/revisions"}],"wp:attachment":[{"href":"https:\/\/linitiative.ca\/International\/wp-json\/wp\/v2\/media?parent=143774"}],"wp:term":[{"taxonomy":"category","embeddable":true,"href":"https:\/\/linitiative.ca\/International\/wp-json\/wp\/v2\/categories?post=143774"},{"taxonomy":"post_tag","embeddable":true,"href":"https:\/\/linitiative.ca\/International\/wp-json\/wp\/v2\/tags?post=143774"}],"curies":[{"name":"wp","href":"https:\/\/api.w.org\/{rel}","templated":true}]}}