{"id":143776,"date":"2022-03-23T05:00:00","date_gmt":"2022-03-23T09:00:00","guid":{"rendered":"https:\/\/linitiative.ca\/International\/khemaies-jhinaoui-la-guerre-en-ukraine-et-son-impact-sur-la-region-moyen-orient-et-afrique-du-nord\/"},"modified":"2022-03-23T05:00:00","modified_gmt":"2022-03-23T09:00:00","slug":"khemaies-jhinaoui-la-guerre-en-ukraine-et-son-impact-sur-la-region-moyen-orient-et-afrique-du-nord","status":"publish","type":"post","link":"https:\/\/linitiative.ca\/International\/khemaies-jhinaoui-la-guerre-en-ukraine-et-son-impact-sur-la-region-moyen-orient-et-afrique-du-nord\/","title":{"rendered":"Khemaies Jhinaoui : La guerre en Ukraine et son impact sur la r\u00e9gion Moyen-Orient et Afrique du Nord"},"content":{"rendered":"<div><img decoding=\"async\" src=\"https:\/\/linitiative.ca\/International\/wp-content\/uploads\/sites\/23\/2022\/03\/1647974029_article.jpg\" alt=\"Khemaies Jhinaoui : La guerre en Ukraine et son impact sur la r\u00e9gion Moyen-Orient et Afrique du Nord\" align=\"left\">Par Khemaies Jhinaoui, ancien ministre des Affaires \u00e9trang\u00e8res, ancien ambassadeur de Tunisie \u00e0 Moscou et \u00e0 Kiev, et pr\u00e9sident du Conseil tunisien des relations internationales (*) Lire aussi la version originale en langue anglaise<br \/>\nLes ondes de choc de l\u2019invasion militaire de l\u2019Ukraine par la Russie et les sanctions impos\u00e9es \u00e0 Moscou qui en ont suivies se font sentir partout dans le monde, y compris dans la r\u00e9gion MENA.<br \/>\nL\u2019\u00e9volution rapide de la guerre et ses terribles cons\u00e9quences humanitaires ont pris le monde et de nombreux pays de la r\u00e9gion par surprise. Au Moyen-Orient et en Afrique du Nord, le conflit exacerbe une situation d\u00e9j\u00e0 instable et compliqu\u00e9e. Bien que la &#8230;<\/p>\n<\/div>\n<p>Auteur:<br \/>\n<a href=\"https:\/\/www.leaders.com.tn\/article\/33121-khemaies-jhinaoui-la-guerre-en-ukraine-et-son-impact-sur-la-region-moyen-orient-et-afrique-du-nord\">Cliquez ici pour lire l&rsquo;article depuis sa source.<\/a><\/p>\n","protected":false},"excerpt":{"rendered":"<p>Par Khemaies Jhinaoui, ancien ministre des Affaires \u00e9trang\u00e8res, ancien ambassadeur de Tunisie \u00e0 Moscou et \u00e0 Kiev, et pr\u00e9sident du Conseil tunisien des relations internationales (*) Lire aussi la version originale en langue anglaise Les ondes de choc de l\u2019invasion militaire de l\u2019Ukraine par la Russie et les sanctions impos\u00e9es \u00e0 Moscou qui en ont [&hellip;]<\/p>\n","protected":false},"author":1772,"featured_media":0,"comment_status":"closed","ping_status":"closed","sticky":false,"template":"","format":"standard","meta":{"fifu_image_url":"http:\/\/www.leaders.com.tn\/uploads\/content\/thumbnails_small\/1647974029_article.jpg","fifu_image_alt":"Khemaies Jhinaoui : La guerre en Ukraine et son impact sur la r\u00e9gion Moyen-Orient et Afrique du Nord","footnotes":""},"categories":[73,55],"tags":[],"class_list":["post-143776","post","type-post","status-publish","format-standard","hentry","category-actualite","category-tunisie"],"_links":{"self":[{"href":"https:\/\/linitiative.ca\/International\/wp-json\/wp\/v2\/posts\/143776","targetHints":{"allow":["GET"]}}],"collection":[{"href":"https:\/\/linitiative.ca\/International\/wp-json\/wp\/v2\/posts"}],"about":[{"href":"https:\/\/linitiative.ca\/International\/wp-json\/wp\/v2\/types\/post"}],"author":[{"embeddable":true,"href":"https:\/\/linitiative.ca\/International\/wp-json\/wp\/v2\/users\/1772"}],"replies":[{"embeddable":true,"href":"https:\/\/linitiative.ca\/International\/wp-json\/wp\/v2\/comments?post=143776"}],"version-history":[{"count":0,"href":"https:\/\/linitiative.ca\/International\/wp-json\/wp\/v2\/posts\/143776\/revisions"}],"wp:attachment":[{"href":"https:\/\/linitiative.ca\/International\/wp-json\/wp\/v2\/media?parent=143776"}],"wp:term":[{"taxonomy":"category","embeddable":true,"href":"https:\/\/linitiative.ca\/International\/wp-json\/wp\/v2\/categories?post=143776"},{"taxonomy":"post_tag","embeddable":true,"href":"https:\/\/linitiative.ca\/International\/wp-json\/wp\/v2\/tags?post=143776"}],"curies":[{"name":"wp","href":"https:\/\/api.w.org\/{rel}","templated":true}]}}