{"id":143778,"date":"2022-03-23T08:42:00","date_gmt":"2022-03-23T12:42:00","guid":{"rendered":"https:\/\/linitiative.ca\/International\/lubci-innovation-partner-de-levenement-women-in-data-science\/"},"modified":"2022-03-23T08:42:00","modified_gmt":"2022-03-23T12:42:00","slug":"lubci-innovation-partner-de-levenement-women-in-data-science","status":"publish","type":"post","link":"https:\/\/linitiative.ca\/International\/lubci-innovation-partner-de-levenement-women-in-data-science\/","title":{"rendered":"L\u2019UBCI \u00abinnovation partner\u00bb de l\u2019\u00e9v\u00e8nement Women in data science"},"content":{"rendered":"<div><img decoding=\"async\" src=\"https:\/\/linitiative.ca\/International\/wp-content\/uploads\/sites\/23\/2022\/03\/1648035803_article.jpg\" alt=\"L\u2019UBCI \u00abinnovation partner\u00bb de l\u2019\u00e9v\u00e8nement Women in data science\" align=\"left\">A l\u2019occasion de la journ\u00e9e internationale des femmes, UBCI en Partenariat avec l\u2019association \u00ab Re*connect \u00bb ont co-organis\u00e9 l\u2019\u00e9v\u00e9nement \u00ab Womenin DATA Science (WiDS) \u00bb qui a eu lieu les 17 et 18 mars, \u00e0 l\u2019h\u00f4tel Novotel, Les Berges du Lac.<\/p>\n<p>Il s\u2019agit de la premi\u00e8re \u00e9dition de la conf\u00e9rence \u00ab Tunisian Women and DATA \u00bb lanc\u00e9e par l\u2019universit\u00e9 am\u00e9ricaine Stanford et qui a pour objectif d&rsquo;inspirer les diff\u00e9rentes g\u00e9n\u00e9rations de femmes \u00e0 \u00e9tudier et utiliser l&rsquo;intelligenceartificielle dans leurs domaines d&rsquo;activit\u00e9, \u00e9galement de promouvoir une reconversion et une mont\u00e9e en comp\u00e9tences des salari\u00e9s ou des ch\u00f4meurs en Big Data et en Intelligence &#8230;<\/p>\n<\/div>\n<p>Auteur:<br \/>\n<a href=\"https:\/\/www.leaders.com.tn\/article\/33123-l-ubci-innovation-partner-de-l-evenement-women-in-data-science\">Cliquez ici pour lire l&rsquo;article depuis sa source.<\/a><\/p>\n","protected":false},"excerpt":{"rendered":"<p>A l\u2019occasion de la journ\u00e9e internationale des femmes, UBCI en Partenariat avec l\u2019association \u00ab Re*connect \u00bb ont co-organis\u00e9 l\u2019\u00e9v\u00e9nement \u00ab Womenin DATA Science (WiDS) \u00bb qui a eu lieu les 17 et 18 mars, \u00e0 l\u2019h\u00f4tel Novotel, Les Berges du Lac. Il s\u2019agit de la premi\u00e8re \u00e9dition de la conf\u00e9rence \u00ab Tunisian Women and DATA [&hellip;]<\/p>\n","protected":false},"author":1772,"featured_media":0,"comment_status":"closed","ping_status":"closed","sticky":false,"template":"","format":"standard","meta":{"fifu_image_url":"http:\/\/www.leaders.com.tn\/uploads\/content\/thumbnails_small\/1648035803_article.jpg","fifu_image_alt":"L\u2019UBCI \u00abinnovation partner\u00bb de l\u2019\u00e9v\u00e8nement Women in data science","footnotes":""},"categories":[73,55],"tags":[],"class_list":["post-143778","post","type-post","status-publish","format-standard","hentry","category-actualite","category-tunisie"],"_links":{"self":[{"href":"https:\/\/linitiative.ca\/International\/wp-json\/wp\/v2\/posts\/143778","targetHints":{"allow":["GET"]}}],"collection":[{"href":"https:\/\/linitiative.ca\/International\/wp-json\/wp\/v2\/posts"}],"about":[{"href":"https:\/\/linitiative.ca\/International\/wp-json\/wp\/v2\/types\/post"}],"author":[{"embeddable":true,"href":"https:\/\/linitiative.ca\/International\/wp-json\/wp\/v2\/users\/1772"}],"replies":[{"embeddable":true,"href":"https:\/\/linitiative.ca\/International\/wp-json\/wp\/v2\/comments?post=143778"}],"version-history":[{"count":0,"href":"https:\/\/linitiative.ca\/International\/wp-json\/wp\/v2\/posts\/143778\/revisions"}],"wp:attachment":[{"href":"https:\/\/linitiative.ca\/International\/wp-json\/wp\/v2\/media?parent=143778"}],"wp:term":[{"taxonomy":"category","embeddable":true,"href":"https:\/\/linitiative.ca\/International\/wp-json\/wp\/v2\/categories?post=143778"},{"taxonomy":"post_tag","embeddable":true,"href":"https:\/\/linitiative.ca\/International\/wp-json\/wp\/v2\/tags?post=143778"}],"curies":[{"name":"wp","href":"https:\/\/api.w.org\/{rel}","templated":true}]}}