{"id":143782,"date":"2022-03-23T11:08:42","date_gmt":"2022-03-23T15:08:42","guid":{"rendered":"https:\/\/linitiative.ca\/International\/ford-focus-restylee-elle-mise-sur-de-nouveaux-atouts\/"},"modified":"2022-03-23T11:08:42","modified_gmt":"2022-03-23T15:08:42","slug":"ford-focus-restylee-elle-mise-sur-de-nouveaux-atouts","status":"publish","type":"post","link":"https:\/\/linitiative.ca\/International\/ford-focus-restylee-elle-mise-sur-de-nouveaux-atouts\/","title":{"rendered":"Ford Focus restyl\u00e9e. Elle mise sur de nouveaux atouts"},"content":{"rendered":"<div><img decoding=\"async\" width=\"600\" height=\"375\" src=\"https:\/\/linitiative.ca\/International\/wp-content\/uploads\/sites\/23\/2022\/03\/FORD_FOCUS_ouv-600-x-375.jpg\" class=\"attachment-post-thumbnail size-post-thumbnail wp-post-image\" alt=\"\" loading=\"lazy\" srcset=\"https:\/\/linitiative.ca\/International\/wp-content\/uploads\/sites\/23\/2022\/03\/FORD_FOCUS_ouv-600-x-375.jpg 600w, https:\/\/www.challenge.ma\/wp-content\/uploads\/2022\/03\/FORD_FOCUS_ouv-600-x-375-300x188.jpg 300w, https:\/\/www.challenge.ma\/wp-content\/uploads\/2022\/03\/FORD_FOCUS_ouv-600-x-375-360x225.jpg 360w\" sizes=\"auto, (max-width: 600px) 100vw, 600px\" itemprop=\"image\">Scama, l\u2019importateur de Ford (Groupe Auto Hall) vient tout juste de d\u00e9voiler dans le Royaume la nouvelle Focus restyl\u00e9e. Outre son design qui \u00e9volue par petites touches, la compacte-phare de la firme \u00e0 l\u2019ovale bleu mise \u00e9galement sur sa connectivit\u00e9 de pointe, sur ses aides \u00e0 la conduite de belle<\/div>\n<p>Auteur: David J\u00e9r\u00e9mie<br \/>\n<a href=\"https:\/\/www.challenge.ma\/ford-focus-restylee-elle-mise-sur-de-nouveaux-atouts-235099\/\">Cliquez ici pour lire l&rsquo;article depuis sa source.<\/a><\/p>\n","protected":false},"excerpt":{"rendered":"<p>Scama, l\u2019importateur de Ford (Groupe Auto Hall) vient tout juste de d\u00e9voiler dans le Royaume la nouvelle Focus restyl\u00e9e. Outre son design qui \u00e9volue par petites touches, la compacte-phare de la firme \u00e0 l\u2019ovale bleu mise \u00e9galement sur sa connectivit\u00e9 de pointe, sur ses aides \u00e0 la conduite de belle Auteur: David J\u00e9r\u00e9mie Cliquez ici [&hellip;]<\/p>\n","protected":false},"author":1787,"featured_media":0,"comment_status":"closed","ping_status":"closed","sticky":false,"template":"","format":"standard","meta":{"fifu_image_url":"https:\/\/www.challenge.ma\/wp-content\/uploads\/2022\/03\/FORD_FOCUS_ouv-600-x-375.jpg","fifu_image_alt":"Ford Focus restyl\u00e9e. Elle mise sur de nouveaux atouts","footnotes":""},"categories":[78,54],"tags":[],"class_list":["post-143782","post","type-post","status-publish","format-standard","hentry","category-economie","category-maroc"],"_links":{"self":[{"href":"https:\/\/linitiative.ca\/International\/wp-json\/wp\/v2\/posts\/143782","targetHints":{"allow":["GET"]}}],"collection":[{"href":"https:\/\/linitiative.ca\/International\/wp-json\/wp\/v2\/posts"}],"about":[{"href":"https:\/\/linitiative.ca\/International\/wp-json\/wp\/v2\/types\/post"}],"author":[{"embeddable":true,"href":"https:\/\/linitiative.ca\/International\/wp-json\/wp\/v2\/users\/1787"}],"replies":[{"embeddable":true,"href":"https:\/\/linitiative.ca\/International\/wp-json\/wp\/v2\/comments?post=143782"}],"version-history":[{"count":0,"href":"https:\/\/linitiative.ca\/International\/wp-json\/wp\/v2\/posts\/143782\/revisions"}],"wp:attachment":[{"href":"https:\/\/linitiative.ca\/International\/wp-json\/wp\/v2\/media?parent=143782"}],"wp:term":[{"taxonomy":"category","embeddable":true,"href":"https:\/\/linitiative.ca\/International\/wp-json\/wp\/v2\/categories?post=143782"},{"taxonomy":"post_tag","embeddable":true,"href":"https:\/\/linitiative.ca\/International\/wp-json\/wp\/v2\/tags?post=143782"}],"curies":[{"name":"wp","href":"https:\/\/api.w.org\/{rel}","templated":true}]}}