{"id":143788,"date":"2022-03-23T15:10:00","date_gmt":"2022-03-23T19:10:00","guid":{"rendered":"https:\/\/linitiative.ca\/International\/david-malpass-la-banque-mondiale-est-disposee-a-renforcer-son-soutien-aux-efforts-de-developpement-economique-et-social-du-maroc\/"},"modified":"2022-03-23T15:10:00","modified_gmt":"2022-03-23T19:10:00","slug":"david-malpass-la-banque-mondiale-est-disposee-a-renforcer-son-soutien-aux-efforts-de-developpement-economique-et-social-du-maroc","status":"publish","type":"post","link":"https:\/\/linitiative.ca\/International\/david-malpass-la-banque-mondiale-est-disposee-a-renforcer-son-soutien-aux-efforts-de-developpement-economique-et-social-du-maroc\/","title":{"rendered":"David Malpass\u00a0: \u00ab\u00a0La Banque mondiale est dispos\u00e9e \u00e0 renforcer son soutien aux efforts de d\u00e9veloppement \u00e9conomique et social du Maroc\u00a0\u00bb"},"content":{"rendered":"<div><img decoding=\"async\" width=\"1200\" height=\"675\" src=\"https:\/\/linitiative.ca\/International\/wp-content\/uploads\/sites\/23\/2022\/03\/david-malpass.jpeg\" class=\"attachment-post-thumbnail size-post-thumbnail wp-post-image\" alt=\"\" loading=\"lazy\" srcset=\"https:\/\/linitiative.ca\/International\/wp-content\/uploads\/sites\/23\/2022\/03\/david-malpass.jpeg 1200w, https:\/\/www.challenge.ma\/wp-content\/uploads\/2022\/03\/david-malpass-300x169.jpeg 300w, https:\/\/www.challenge.ma\/wp-content\/uploads\/2022\/03\/david-malpass-1024x576.jpeg 1024w, https:\/\/www.challenge.ma\/wp-content\/uploads\/2022\/03\/david-malpass-768x432.jpeg 768w, https:\/\/www.challenge.ma\/wp-content\/uploads\/2022\/03\/david-malpass-360x203.jpeg 360w, https:\/\/www.challenge.ma\/wp-content\/uploads\/2022\/03\/david-malpass-750x422.jpeg 750w\" sizes=\"auto, (max-width: 1200px) 100vw, 1200px\" itemprop=\"image\">Le Groupe de la Banque mondiale r\u00e9affirme son soutien au Maroc. En visite officielle dans le royaume, le pr\u00e9sident du Groupe de la Banque mondiale, David Malpass, a assur\u00e9 le 23 mars que la Banque mondiale est dispos\u00e9e \u00e0 renforcer son soutien aux efforts de d\u00e9veloppement \u00e9conomique et social du<\/div>\n<p>Auteur: challenge<br \/>\n<a href=\"https:\/\/www.challenge.ma\/david-malpass-la-banque-mondiale-est-disposee-a-renforcer-son-soutien-aux-efforts-de-developpement-economique-et-social-du-maroc-235194\/\">Cliquez ici pour lire l&rsquo;article depuis sa source.<\/a><\/p>\n","protected":false},"excerpt":{"rendered":"<p>Le Groupe de la Banque mondiale r\u00e9affirme son soutien au Maroc. En visite officielle dans le royaume, le pr\u00e9sident du Groupe de la Banque mondiale, David Malpass, a assur\u00e9 le 23 mars que la Banque mondiale est dispos\u00e9e \u00e0 renforcer son soutien aux efforts de d\u00e9veloppement \u00e9conomique et social du Auteur: challenge Cliquez ici pour [&hellip;]<\/p>\n","protected":false},"author":1787,"featured_media":0,"comment_status":"closed","ping_status":"closed","sticky":false,"template":"","format":"standard","meta":{"fifu_image_url":"https:\/\/www.challenge.ma\/wp-content\/uploads\/2022\/03\/david-malpass.jpeg","fifu_image_alt":"David Malpass\u00a0: \u00ab\u00a0La Banque mondiale est dispos\u00e9e \u00e0 renforcer son soutien aux efforts de d\u00e9veloppement \u00e9conomique et social du Maroc\u00a0\u00bb","footnotes":""},"categories":[78,54],"tags":[],"class_list":["post-143788","post","type-post","status-publish","format-standard","hentry","category-economie","category-maroc"],"_links":{"self":[{"href":"https:\/\/linitiative.ca\/International\/wp-json\/wp\/v2\/posts\/143788","targetHints":{"allow":["GET"]}}],"collection":[{"href":"https:\/\/linitiative.ca\/International\/wp-json\/wp\/v2\/posts"}],"about":[{"href":"https:\/\/linitiative.ca\/International\/wp-json\/wp\/v2\/types\/post"}],"author":[{"embeddable":true,"href":"https:\/\/linitiative.ca\/International\/wp-json\/wp\/v2\/users\/1787"}],"replies":[{"embeddable":true,"href":"https:\/\/linitiative.ca\/International\/wp-json\/wp\/v2\/comments?post=143788"}],"version-history":[{"count":0,"href":"https:\/\/linitiative.ca\/International\/wp-json\/wp\/v2\/posts\/143788\/revisions"}],"wp:attachment":[{"href":"https:\/\/linitiative.ca\/International\/wp-json\/wp\/v2\/media?parent=143788"}],"wp:term":[{"taxonomy":"category","embeddable":true,"href":"https:\/\/linitiative.ca\/International\/wp-json\/wp\/v2\/categories?post=143788"},{"taxonomy":"post_tag","embeddable":true,"href":"https:\/\/linitiative.ca\/International\/wp-json\/wp\/v2\/tags?post=143788"}],"curies":[{"name":"wp","href":"https:\/\/api.w.org\/{rel}","templated":true}]}}