{"id":143795,"date":"2022-03-23T15:44:12","date_gmt":"2022-03-23T19:44:12","guid":{"rendered":"https:\/\/linitiative.ca\/International\/appel-a-la-banque-mondiale-pour-un-soutien-aux-economies-africaines-macky-sall-sera-t-il-entendu\/"},"modified":"2022-03-23T15:44:12","modified_gmt":"2022-03-23T19:44:12","slug":"appel-a-la-banque-mondiale-pour-un-soutien-aux-economies-africaines-macky-sall-sera-t-il-entendu","status":"publish","type":"post","link":"https:\/\/linitiative.ca\/International\/appel-a-la-banque-mondiale-pour-un-soutien-aux-economies-africaines-macky-sall-sera-t-il-entendu\/","title":{"rendered":"APPEL A LA BANQUE MONDIALE POUR UN SOUTIEN AUX ECONOMIES AFRICAINES : Macky Sall sera-t-il entendu\u00a0?"},"content":{"rendered":"<div>\n<p><img loading=\"lazy\" decoding=\"async\" width=\"280\" height=\"130\" src=\"https:\/\/linitiative.ca\/International\/wp-content\/uploads\/sites\/23\/2022\/03\/MACKY_SALL_0.jpg\" class=\"attachment- size- wp-post-image\" alt=\"\" style=\"float:left; margin:0 15px 15px 0;\" srcset=\"https:\/\/linitiative.ca\/International\/wp-content\/uploads\/sites\/23\/2022\/03\/MACKY_SALL_0.jpg 280w, https:\/\/lepays.bf\/wp-content\/uploads\/2022\/03\/MACKY_SALL_0-150x70.jpg 150w\" sizes=\"auto, (max-width: 280px) 100vw, 280px\">Macky Sall, en missionnaire de l\u2019Union africaine (UA) aupr\u00e8s de la Banque mondiale (BM), devant David Malpass, a exprim\u00e9 les attentes et la volont\u00e9 actuelles de bien des Etats africains. En effet, le pr\u00e9sident s\u00e9n\u00e9galais a plaid\u00e9 aupr\u00e8s du \u00ab\u00a0boss\u00a0\u00bb de la BM, pour un [\u2026]<\/p>\n<p>L\u2019article <a rel=\"nofollow\" href=\"https:\/\/lepays.bf\/appel-a-la-banque-mondiale-pour-un-soutien-aux-economies-africaines-macky-sall-sera-t-il-entendu\/\">APPEL A LA BANQUE MONDIALE POUR UN SOUTIEN AUX ECONOMIES AFRICAINES : Macky Sall sera-t-il entendu\u00a0?<\/a> est apparu en premier sur <a rel=\"nofollow\" href=\"https:\/\/lepays.bf\/\">Editions Le Pays<\/a>.<\/p>\n<\/div>\n<p>Auteur: Editions LEPAYS<br \/>\n<a href=\"https:\/\/lepays.bf\/appel-a-la-banque-mondiale-pour-un-soutien-aux-economies-africaines-macky-sall-sera-t-il-entendu\/\">Cliquez ici pour lire l&rsquo;article depuis sa source.<\/a><\/p>\n","protected":false},"excerpt":{"rendered":"<p>Macky Sall, en missionnaire de l\u2019Union africaine (UA) aupr\u00e8s de la Banque mondiale (BM), devant David Malpass, a exprim\u00e9 les attentes et la volont\u00e9 actuelles de bien des Etats africains. En effet, le pr\u00e9sident s\u00e9n\u00e9galais a plaid\u00e9 aupr\u00e8s du \u00ab\u00a0boss\u00a0\u00bb de la BM, pour un [\u2026] L\u2019article APPEL A LA BANQUE MONDIALE POUR UN SOUTIEN [&hellip;]<\/p>\n","protected":false},"author":1813,"featured_media":0,"comment_status":"closed","ping_status":"closed","sticky":false,"template":"","format":"standard","meta":{"fifu_image_url":"https:\/\/lepays.bf\/wp-content\/uploads\/2022\/03\/MACKY_SALL_0.jpg","fifu_image_alt":"APPEL A LA BANQUE MONDIALE POUR UN SOUTIEN AUX ECONOMIES AFRICAINES : Macky Sall sera-t-il entendu\u00a0?","footnotes":""},"categories":[73,81],"tags":[],"class_list":["post-143795","post","type-post","status-publish","format-standard","hentry","category-actualite","category-burkina-faso"],"_links":{"self":[{"href":"https:\/\/linitiative.ca\/International\/wp-json\/wp\/v2\/posts\/143795","targetHints":{"allow":["GET"]}}],"collection":[{"href":"https:\/\/linitiative.ca\/International\/wp-json\/wp\/v2\/posts"}],"about":[{"href":"https:\/\/linitiative.ca\/International\/wp-json\/wp\/v2\/types\/post"}],"author":[{"embeddable":true,"href":"https:\/\/linitiative.ca\/International\/wp-json\/wp\/v2\/users\/1813"}],"replies":[{"embeddable":true,"href":"https:\/\/linitiative.ca\/International\/wp-json\/wp\/v2\/comments?post=143795"}],"version-history":[{"count":0,"href":"https:\/\/linitiative.ca\/International\/wp-json\/wp\/v2\/posts\/143795\/revisions"}],"wp:attachment":[{"href":"https:\/\/linitiative.ca\/International\/wp-json\/wp\/v2\/media?parent=143795"}],"wp:term":[{"taxonomy":"category","embeddable":true,"href":"https:\/\/linitiative.ca\/International\/wp-json\/wp\/v2\/categories?post=143795"},{"taxonomy":"post_tag","embeddable":true,"href":"https:\/\/linitiative.ca\/International\/wp-json\/wp\/v2\/tags?post=143795"}],"curies":[{"name":"wp","href":"https:\/\/api.w.org\/{rel}","templated":true}]}}