{"id":143797,"date":"2022-03-23T08:55:33","date_gmt":"2022-03-23T12:55:33","guid":{"rendered":"https:\/\/linitiative.ca\/International\/deces-de-soumeylou-boubeye-maiga-la-famille-reclame-une-autopsie-independante-les-autorites-refusent\/"},"modified":"2022-03-23T08:55:33","modified_gmt":"2022-03-23T12:55:33","slug":"deces-de-soumeylou-boubeye-maiga-la-famille-reclame-une-autopsie-independante-les-autorites-refusent","status":"publish","type":"post","link":"https:\/\/linitiative.ca\/International\/deces-de-soumeylou-boubeye-maiga-la-famille-reclame-une-autopsie-independante-les-autorites-refusent\/","title":{"rendered":"D\u00e9c\u00e8s de Soumeylou Boubeye Ma\u00efga : La famille r\u00e9clame une autopsie ind\u00e9pendante, les autorit\u00e9s refusent\u00a0"},"content":{"rendered":"<div>\n<p>Le d\u00e9c\u00e8s de l\u2019ancien Premier ministre Soumeylou Boubeye Maiga a cr\u00e9\u00e9 des tensions et une crise de confiance entre sa famille et la junte au pouvoir au Mali. Les proches de l\u2019ancien poids lourd de la politique malienne ont exig\u00e9 une autopsie de son corps. Mais les autorit\u00e9s maliennes ont, selon RFI, refus\u00e9 toute autopsie sur la d\u00e9pouille. C\u2019est <em>\u00ab Une pers\u00e9cution post-mortem \u00bb<\/em>, a d\u00e9nonc\u00e9 sa famille. Apr\u00e8s concertation, la famille de Soumeylou Boubeye Ma\u00efga accepte de ne pas faire d\u2019autopsie pour des raisons religieuses et pour pouvoir rapidement l\u2019enterrer. C\u2019est au cimeti\u00e8re bamakois de Niarela qu\u2019il sera enterr\u00e9 le jeudi 24 mars 2022.<\/p>\n<p><strong>La R\u00e9daction<\/strong><\/p>\n<p>L\u2019article <a rel=\"nofollow\" href=\"https:\/\/www.sidwaya.info\/blog\/2022\/03\/23\/deces-de-soumeylou-boubeye-maiga-la-famille-reclame-une-autopsie-independante-les-autorites-refusent\/\">D\u00e9c\u00e8s de Soumeylou Boubeye Ma\u00efga : La famille r\u00e9clame une autopsie ind\u00e9pendante, les autorit\u00e9s refusent\u00a0<\/a> est apparu en premier sur <a rel=\"nofollow\" href=\"https:\/\/www.sidwaya.info\/\">Quotidien Sidwaya<\/a>.<\/p>\n<\/div>\n<p>Auteur: Wamini SIDWAYA<br \/>\n<a href=\"https:\/\/www.sidwaya.info\/blog\/2022\/03\/23\/deces-de-soumeylou-boubeye-maiga-la-famille-reclame-une-autopsie-independante-les-autorites-refusent\/?utm_source=rss&#038;utm_medium=rss&#038;utm_campaign=deces-de-soumeylou-boubeye-maiga-la-famille-reclame-une-autopsie-independante-les-autorites-refusent\">Cliquez ici pour lire l&rsquo;article depuis sa source.<\/a><\/p>\n","protected":false},"excerpt":{"rendered":"<p>Le d\u00e9c\u00e8s de l\u2019ancien Premier ministre Soumeylou Boubeye Maiga a cr\u00e9\u00e9 des tensions et une crise de confiance entre sa famille et la junte au pouvoir au Mali. Les proches de l\u2019ancien poids lourd de la politique malienne ont exig\u00e9 une autopsie de son corps. Mais les autorit\u00e9s maliennes ont, selon RFI, refus\u00e9 toute autopsie [&hellip;]<\/p>\n","protected":false},"author":1816,"featured_media":0,"comment_status":"closed","ping_status":"closed","sticky":false,"template":"","format":"standard","meta":{"fifu_image_url":"","fifu_image_alt":"","footnotes":""},"categories":[73,81],"tags":[],"class_list":["post-143797","post","type-post","status-publish","format-standard","hentry","category-actualite","category-burkina-faso"],"_links":{"self":[{"href":"https:\/\/linitiative.ca\/International\/wp-json\/wp\/v2\/posts\/143797","targetHints":{"allow":["GET"]}}],"collection":[{"href":"https:\/\/linitiative.ca\/International\/wp-json\/wp\/v2\/posts"}],"about":[{"href":"https:\/\/linitiative.ca\/International\/wp-json\/wp\/v2\/types\/post"}],"author":[{"embeddable":true,"href":"https:\/\/linitiative.ca\/International\/wp-json\/wp\/v2\/users\/1816"}],"replies":[{"embeddable":true,"href":"https:\/\/linitiative.ca\/International\/wp-json\/wp\/v2\/comments?post=143797"}],"version-history":[{"count":0,"href":"https:\/\/linitiative.ca\/International\/wp-json\/wp\/v2\/posts\/143797\/revisions"}],"wp:attachment":[{"href":"https:\/\/linitiative.ca\/International\/wp-json\/wp\/v2\/media?parent=143797"}],"wp:term":[{"taxonomy":"category","embeddable":true,"href":"https:\/\/linitiative.ca\/International\/wp-json\/wp\/v2\/categories?post=143797"},{"taxonomy":"post_tag","embeddable":true,"href":"https:\/\/linitiative.ca\/International\/wp-json\/wp\/v2\/tags?post=143797"}],"curies":[{"name":"wp","href":"https:\/\/api.w.org\/{rel}","templated":true}]}}