{"id":143798,"date":"2022-03-23T09:20:07","date_gmt":"2022-03-23T13:20:07","guid":{"rendered":"https:\/\/linitiative.ca\/International\/lassemblee-legislative-de-transitionalt-issaka-kabore-representera-le-centre-nord\/"},"modified":"2022-03-23T09:20:07","modified_gmt":"2022-03-23T13:20:07","slug":"lassemblee-legislative-de-transitionalt-issaka-kabore-representera-le-centre-nord","status":"publish","type":"post","link":"https:\/\/linitiative.ca\/International\/lassemblee-legislative-de-transitionalt-issaka-kabore-representera-le-centre-nord\/","title":{"rendered":"L\u2019Assembl\u00e9e l\u00e9gislative de Transition(ALT)\u00a0: Issaka Kabor\u00e9 repr\u00e9sentera le Centre Nord"},"content":{"rendered":"<div>\n<p>La r\u00e9gion du Centre Nord a maintenant ses repr\u00e9sentants pour si\u00e8ger \u00e0 l\u2019Assembl\u00e9e l\u00e9gislative de Transition(ALT). Le titulaire est Issaka Kabor\u00e9, candidat du Namentenga et son suppl\u00e9ant est Mahamado Ouedraogo du Sanmatenga. La d\u00e9signation des deux repr\u00e9sentants a \u00e9t\u00e9 faite \u00a0par consensus mais sans les autorit\u00e9s r\u00e9gionales.<\/p>\n<p><strong>La R\u00e9daction<\/strong><\/p>\n<p>L\u2019article <a rel=\"nofollow\" href=\"https:\/\/www.sidwaya.info\/blog\/2022\/03\/23\/lassemblee-legislative-de-transitionalt-issaka-kabore-representera-le-centre-nord\/\">L\u2019Assembl\u00e9e l\u00e9gislative de Transition(ALT)\u00a0: Issaka Kabor\u00e9 repr\u00e9sentera le Centre Nord<\/a> est apparu en premier sur <a rel=\"nofollow\" href=\"https:\/\/www.sidwaya.info\/\">Quotidien Sidwaya<\/a>.<\/p>\n<\/div>\n<p>Auteur: Wamini SIDWAYA<br \/>\n<a href=\"https:\/\/www.sidwaya.info\/blog\/2022\/03\/23\/lassemblee-legislative-de-transitionalt-issaka-kabore-representera-le-centre-nord\/?utm_source=rss&#038;utm_medium=rss&#038;utm_campaign=lassemblee-legislative-de-transitionalt-issaka-kabore-representera-le-centre-nord\">Cliquez ici pour lire l&rsquo;article depuis sa source.<\/a><\/p>\n","protected":false},"excerpt":{"rendered":"<p>La r\u00e9gion du Centre Nord a maintenant ses repr\u00e9sentants pour si\u00e8ger \u00e0 l\u2019Assembl\u00e9e l\u00e9gislative de Transition(ALT). Le titulaire est Issaka Kabor\u00e9, candidat du Namentenga et son suppl\u00e9ant est Mahamado Ouedraogo du Sanmatenga. La d\u00e9signation des deux repr\u00e9sentants a \u00e9t\u00e9 faite \u00a0par consensus mais sans les autorit\u00e9s r\u00e9gionales. La R\u00e9daction L\u2019article L\u2019Assembl\u00e9e l\u00e9gislative de Transition(ALT)\u00a0: Issaka [&hellip;]<\/p>\n","protected":false},"author":1816,"featured_media":0,"comment_status":"closed","ping_status":"closed","sticky":false,"template":"","format":"standard","meta":{"fifu_image_url":"","fifu_image_alt":"","footnotes":""},"categories":[73,81],"tags":[],"class_list":["post-143798","post","type-post","status-publish","format-standard","hentry","category-actualite","category-burkina-faso"],"_links":{"self":[{"href":"https:\/\/linitiative.ca\/International\/wp-json\/wp\/v2\/posts\/143798","targetHints":{"allow":["GET"]}}],"collection":[{"href":"https:\/\/linitiative.ca\/International\/wp-json\/wp\/v2\/posts"}],"about":[{"href":"https:\/\/linitiative.ca\/International\/wp-json\/wp\/v2\/types\/post"}],"author":[{"embeddable":true,"href":"https:\/\/linitiative.ca\/International\/wp-json\/wp\/v2\/users\/1816"}],"replies":[{"embeddable":true,"href":"https:\/\/linitiative.ca\/International\/wp-json\/wp\/v2\/comments?post=143798"}],"version-history":[{"count":0,"href":"https:\/\/linitiative.ca\/International\/wp-json\/wp\/v2\/posts\/143798\/revisions"}],"wp:attachment":[{"href":"https:\/\/linitiative.ca\/International\/wp-json\/wp\/v2\/media?parent=143798"}],"wp:term":[{"taxonomy":"category","embeddable":true,"href":"https:\/\/linitiative.ca\/International\/wp-json\/wp\/v2\/categories?post=143798"},{"taxonomy":"post_tag","embeddable":true,"href":"https:\/\/linitiative.ca\/International\/wp-json\/wp\/v2\/tags?post=143798"}],"curies":[{"name":"wp","href":"https:\/\/api.w.org\/{rel}","templated":true}]}}