{"id":143800,"date":"2022-03-23T13:16:06","date_gmt":"2022-03-23T17:16:06","guid":{"rendered":"https:\/\/linitiative.ca\/International\/ethiopian-airlines-malade-le-pdg-dethiopian-airlines-demissionne\/"},"modified":"2022-03-23T13:16:06","modified_gmt":"2022-03-23T17:16:06","slug":"ethiopian-airlines-malade-le-pdg-dethiopian-airlines-demissionne","status":"publish","type":"post","link":"https:\/\/linitiative.ca\/International\/ethiopian-airlines-malade-le-pdg-dethiopian-airlines-demissionne\/","title":{"rendered":"Ethiopian Airlines : Malade, le\u00a0 PDG d\u2019Ethiopian Airlines d\u00e9missionne"},"content":{"rendered":"<div>\n<p>Selon le journal jeuneafrique, le PDG d\u2019Ethiopian Airlines, la premi\u00e8re compagnie a\u00e9rienne d\u2019Afrique, Tewolde GebreMariam, d\u00e9missionne de ses fonctions pour raisons de sant\u00e9, apr\u00e8s trente-sept ans de carri\u00e8re. Entr\u00e9 dans l\u2019entreprise en 1985, il en \u00e9tait devenu le num\u00e9ro un en 2011.<\/p>\n<p>Il laisse derri\u00e8re lui un solide h\u00e9ritage, envi\u00e9 par les autres compagnies a\u00e9riennes africaines qui peinent \u00e0 \u00e9galer l\u2019efficacit\u00e9 op\u00e9rationnelle d\u2019Ethiopian.<\/p>\n<p>Figure embl\u00e9matique de l\u2019aviation africaine, il a r\u00e9ussi, malgr\u00e9 l\u2019impact de la pand\u00e9mie de Covid-19, \u00e0 faire preuve de souplesse op\u00e9rationnelle, en transformant plusieurs avions de passagers en transporteurs de fret. Son management a permis \u00e0 la compagnie de tripler sa flotte en passant\u00a0 de 33 appareils \u00e0 130 aujourd\u2019hui. Avec \u00e0 la clef un chiffre d\u2019affaires \u00e0 la hausse qui est pass\u00e9 de 1,3 milliard de dollars en 2011 \u00e0 3,9 milliards de dollars en 2019-2020.<\/p>\n<p>Aujourd\u2019hui, le hub d\u2019Ethiopian \u00e0 Addis-Abeba dessert d\u00e9sormais 120 destinations, contre 80 en 2010, et a transport\u00e9 jusqu\u2019\u00e0 12 millions de passagers avant la crise du Covid.<\/p>\n<p>\u00a0<\/p>\n<p><strong>La R\u00e9daction<\/strong><\/p>\n<p>L\u2019article <a rel=\"nofollow\" href=\"https:\/\/www.sidwaya.info\/blog\/2022\/03\/23\/ethiopian-airlines-malade-le-pdg-dethiopian-airlines-demissionne\/\">Ethiopian Airlines : Malade, le\u00a0 PDG d\u2019Ethiopian Airlines d\u00e9missionne<\/a> est apparu en premier sur <a rel=\"nofollow\" href=\"https:\/\/www.sidwaya.info\/\">Quotidien Sidwaya<\/a>.<\/p>\n<\/div>\n<p>Auteur: Wamini SIDWAYA<br \/>\n<a href=\"https:\/\/www.sidwaya.info\/blog\/2022\/03\/23\/ethiopian-airlines-malade-le-pdg-dethiopian-airlines-demissionne\/?utm_source=rss&#038;utm_medium=rss&#038;utm_campaign=ethiopian-airlines-malade-le-pdg-dethiopian-airlines-demissionne\">Cliquez ici pour lire l&rsquo;article depuis sa source.<\/a><\/p>\n","protected":false},"excerpt":{"rendered":"<p>Selon le journal jeuneafrique, le PDG d\u2019Ethiopian Airlines, la premi\u00e8re compagnie a\u00e9rienne d\u2019Afrique, Tewolde GebreMariam, d\u00e9missionne de ses fonctions pour raisons de sant\u00e9, apr\u00e8s trente-sept ans de carri\u00e8re. Entr\u00e9 dans l\u2019entreprise en 1985, il en \u00e9tait devenu le num\u00e9ro un en 2011. Il laisse derri\u00e8re lui un solide h\u00e9ritage, envi\u00e9 par les autres compagnies a\u00e9riennes [&hellip;]<\/p>\n","protected":false},"author":1816,"featured_media":0,"comment_status":"closed","ping_status":"closed","sticky":false,"template":"","format":"standard","meta":{"fifu_image_url":"","fifu_image_alt":"","footnotes":""},"categories":[73,81],"tags":[],"class_list":["post-143800","post","type-post","status-publish","format-standard","hentry","category-actualite","category-burkina-faso"],"_links":{"self":[{"href":"https:\/\/linitiative.ca\/International\/wp-json\/wp\/v2\/posts\/143800","targetHints":{"allow":["GET"]}}],"collection":[{"href":"https:\/\/linitiative.ca\/International\/wp-json\/wp\/v2\/posts"}],"about":[{"href":"https:\/\/linitiative.ca\/International\/wp-json\/wp\/v2\/types\/post"}],"author":[{"embeddable":true,"href":"https:\/\/linitiative.ca\/International\/wp-json\/wp\/v2\/users\/1816"}],"replies":[{"embeddable":true,"href":"https:\/\/linitiative.ca\/International\/wp-json\/wp\/v2\/comments?post=143800"}],"version-history":[{"count":0,"href":"https:\/\/linitiative.ca\/International\/wp-json\/wp\/v2\/posts\/143800\/revisions"}],"wp:attachment":[{"href":"https:\/\/linitiative.ca\/International\/wp-json\/wp\/v2\/media?parent=143800"}],"wp:term":[{"taxonomy":"category","embeddable":true,"href":"https:\/\/linitiative.ca\/International\/wp-json\/wp\/v2\/categories?post=143800"},{"taxonomy":"post_tag","embeddable":true,"href":"https:\/\/linitiative.ca\/International\/wp-json\/wp\/v2\/tags?post=143800"}],"curies":[{"name":"wp","href":"https:\/\/api.w.org\/{rel}","templated":true}]}}