{"id":143802,"date":"2022-03-23T13:44:00","date_gmt":"2022-03-23T17:44:00","guid":{"rendered":"https:\/\/linitiative.ca\/International\/le-cameroun-etait-somme-de-payer-a-antonio-conceicao-un-milliard-de-f-avant-le-28-fevrier\/"},"modified":"2022-03-23T13:44:00","modified_gmt":"2022-03-23T17:44:00","slug":"le-cameroun-etait-somme-de-payer-a-antonio-conceicao-un-milliard-de-f-avant-le-28-fevrier","status":"publish","type":"post","link":"https:\/\/linitiative.ca\/International\/le-cameroun-etait-somme-de-payer-a-antonio-conceicao-un-milliard-de-f-avant-le-28-fevrier\/","title":{"rendered":"Le Cameroun \u00e9tait somm\u00e9 de payer \u00e0 Antonio Concei\u00e7ao un milliard de F avant le 28 f\u00e9vrier !"},"content":{"rendered":"<div>\n<p><img decoding=\"async\" width=\"900\" height=\"508\" src=\"https:\/\/linitiative.ca\/International\/wp-content\/uploads\/sites\/23\/2022\/03\/antonio_conceicao_people237.jpg\" class=\"attachment-post-thumbnail size-post-thumbnail wp-post-image\" alt=\"\" loading=\"lazy\" srcset=\"https:\/\/linitiative.ca\/International\/wp-content\/uploads\/sites\/23\/2022\/03\/antonio_conceicao_people237.jpg 900w, https:\/\/www.journalducameroun.com\/wp-content\/uploads\/2022\/03\/antonio_conceicao_people237-300x169.jpg 300w, https:\/\/www.journalducameroun.com\/wp-content\/uploads\/2022\/03\/antonio_conceicao_people237-768x433.jpg 768w, https:\/\/www.journalducameroun.com\/wp-content\/uploads\/2022\/03\/antonio_conceicao_people237-780x440.jpg 780w, https:\/\/www.journalducameroun.com\/wp-content\/uploads\/2022\/03\/antonio_conceicao_people237-380x215.jpg 380w, https:\/\/www.journalducameroun.com\/wp-content\/uploads\/2022\/03\/antonio_conceicao_people237-160x90.jpg 160w, https:\/\/www.journalducameroun.com\/wp-content\/uploads\/2022\/03\/antonio_conceicao_people237-240x135.jpg 240w, https:\/\/www.journalducameroun.com\/wp-content\/uploads\/2022\/03\/antonio_conceicao_people237-600x339.jpg 600w\" sizes=\"auto, (max-width: 900px) 100vw, 900px\"><\/p>\n<h2 style=\"text-align: justify;\"><strong>L\u2019ancien entra\u00eeneur s\u00e9lectionneur des Lions indomptables, Antonio Conceicao a saisi son avocat pour r\u00e9clamer ses frais d\u2019indemnisation au Cameroun. \u00a0<\/strong><\/h2>\n<p style=\"text-align: justify;\">1 566 000 Euros, environ 1 milliard de F CFA. C\u2019est le montant de l\u2019indemnit\u00e9 r\u00e9clam\u00e9e par le technicien portugais. Alors qu\u2019il se trouvait en Europe, il a appris le 28 f\u00e9vrier 2022 la r\u00e9siliation de son contrat au profit de Rigobert Song.<\/p>\n<p style=\"text-align: justify;\">Antonio Conceicao estime que son licenciement est abusif. Il r\u00e9clame au tandem Fecafoot\/Minist\u00e8re des sports par la voix de son avocat, Jonas Vallina, une indemnit\u00e9 d\u2019environ 1 milliard de F. CFA \u00e0 verser dans son compte bancaire dont les coordonn\u00e9es sont indiqu\u00e9es dans une correspondance adress\u00e9e \u00e0 ses ex-employeurs camerounais. Il vient de les relancer sans menacer pour l&rsquo;instant de saisir le Tribunal arbitral du sport en Suisse.<\/p>\n<p style=\"text-align: justify;\">\n<p>Cet article <a rel=\"nofollow\" href=\"https:\/\/www.journalducameroun.com\/le-cameroun-etait-somme-de-payer-a-antonio-conceicao-un-milliard-de-f-avant-le-28-fevrier\/\">Le Cameroun \u00e9tait somm\u00e9 de payer \u00e0 Antonio Concei\u00e7ao un milliard de F avant le 28 f\u00e9vrier !<\/a> est apparu en premier sur <a rel=\"nofollow\" href=\"https:\/\/www.journalducameroun.com\/\">Journal du Cameroun<\/a>.<\/p>\n<\/div>\n<p>Auteur: Emile Zola Nd\u00e9 Tchoussi<br \/>\n<a href=\"https:\/\/www.journalducameroun.com\/le-cameroun-etait-somme-de-payer-a-antonio-conceicao-un-milliard-de-f-avant-le-28-fevrier\/\">Cliquez ici pour lire l&rsquo;article depuis sa source.<\/a><\/p>\n","protected":false},"excerpt":{"rendered":"<p>L\u2019ancien entra\u00eeneur s\u00e9lectionneur des Lions indomptables, Antonio Conceicao a saisi son avocat pour r\u00e9clamer ses frais d\u2019indemnisation au Cameroun. \u00a0 1 566 000 Euros, environ 1 milliard de F CFA. C\u2019est le montant de l\u2019indemnit\u00e9 r\u00e9clam\u00e9e par le technicien portugais. Alors qu\u2019il se trouvait en Europe, il a appris le 28 f\u00e9vrier 2022 la r\u00e9siliation [&hellip;]<\/p>\n","protected":false},"author":1965,"featured_media":0,"comment_status":"closed","ping_status":"closed","sticky":false,"template":"","format":"standard","meta":{"fifu_image_url":"https:\/\/www.journalducameroun.com\/wp-content\/uploads\/2022\/03\/antonio_conceicao_people237.jpg","fifu_image_alt":"Le Cameroun \u00e9tait somm\u00e9 de payer \u00e0 Antonio Concei\u00e7ao un milliard de F avant le 28 f\u00e9vrier !","footnotes":""},"categories":[73,82],"tags":[],"class_list":["post-143802","post","type-post","status-publish","format-standard","hentry","category-actualite","category-cameroun"],"_links":{"self":[{"href":"https:\/\/linitiative.ca\/International\/wp-json\/wp\/v2\/posts\/143802","targetHints":{"allow":["GET"]}}],"collection":[{"href":"https:\/\/linitiative.ca\/International\/wp-json\/wp\/v2\/posts"}],"about":[{"href":"https:\/\/linitiative.ca\/International\/wp-json\/wp\/v2\/types\/post"}],"author":[{"embeddable":true,"href":"https:\/\/linitiative.ca\/International\/wp-json\/wp\/v2\/users\/1965"}],"replies":[{"embeddable":true,"href":"https:\/\/linitiative.ca\/International\/wp-json\/wp\/v2\/comments?post=143802"}],"version-history":[{"count":0,"href":"https:\/\/linitiative.ca\/International\/wp-json\/wp\/v2\/posts\/143802\/revisions"}],"wp:attachment":[{"href":"https:\/\/linitiative.ca\/International\/wp-json\/wp\/v2\/media?parent=143802"}],"wp:term":[{"taxonomy":"category","embeddable":true,"href":"https:\/\/linitiative.ca\/International\/wp-json\/wp\/v2\/categories?post=143802"},{"taxonomy":"post_tag","embeddable":true,"href":"https:\/\/linitiative.ca\/International\/wp-json\/wp\/v2\/tags?post=143802"}],"curies":[{"name":"wp","href":"https:\/\/api.w.org\/{rel}","templated":true}]}}